{"id":52574,"date":"2024-03-28T17:54:25","date_gmt":"2024-03-28T23:54:25","guid":{"rendered":"https:\/\/encuentroinformativo.com.mx\/?p=52574"},"modified":"2024-03-28T17:54:31","modified_gmt":"2024-03-28T23:54:31","slug":"recuperan-cuerpo-de-veracruzano-fallecido-por-desplome-de-puente-en-baltimore","status":"publish","type":"post","link":"https:\/\/encuentroinformativo.com.mx\/?p=52574","title":{"rendered":"Recuperan cuerpo de veracruzano fallecido por desplome de puente en Baltimore"},"content":{"rendered":"\n<p><strong>Dar\u00edo Pale <\/strong><\/p>\n\n\n\n<p>Xalapa, Ver.- Confirman que el cuerpo del veracruzano Alejandro Hern\u00e1ndez Fuentes fue recuperado tras el desplome del puente de Baltimore, en Estados Unidos, as\u00ed lo dio a conocer la Secretar\u00eda de Relaciones Exteriores.<\/p>\n\n\n\n<p>Alejandro fue reportado como desaparecido luego del accidente ocurrido en el puente Francis Scott Key, la madrugada del pasado martes 26 de marzo.<\/p>\n\n\n\n<p>Sin embargo, este jueves las autoridades dieron a conocer que su cuerpo fue hallado junto con el de otro hombre de origen guatemalteco dentro de una camioneta sumergida a unos 6 metros de profundidad.<\/p>\n\n\n\n<p>Hasta el momento se desconoce de qu\u00e9 municipio era Alejandro, quien ten\u00eda 35 a\u00f1os y form\u00f3 parte de los tres mexicanos que estuvieron en el accidente, de los cuales s\u00f3lo uno fue rescatado con vida.<\/p>\n\n\n\n<p>Por \u00faltimo cabe se\u00f1alar que el gobierno de Veracruz asegur\u00f3 que, a trav\u00e9s de la Direcci\u00f3n de Atenci\u00f3n a Migrantes, est\u00e1 atento para realizar las gestiones necesarias.<\/p>\n","protected":false},"excerpt":{"rendered":"<p>Dar\u00edo Pale Xalapa, Ver.- Confirman que el cuerpo del veracruzano Alejandro Hern\u00e1ndez Fuentes fue recuperado tras el desplome del puente de Baltimore, en Estados Unidos, as\u00ed lo dio a conocer la Secretar\u00eda de Relaciones Exteriores. Alejandro fue reportado como desaparecido luego del accidente ocurrido en el puente Francis Scott Key, la madrugada del pasado martes [&hellip;]<\/p>\n","protected":false},"author":2476,"featured_media":52575,"comment_status":"open","ping_status":"open","sticky":false,"template":"","format":"standard","meta":{"_jetpack_memberships_contains_paid_content":false,"footnotes":""},"categories":[13],"tags":[],"class_list":["post-52574","post","type-post","status-publish","format-standard","has-post-thumbnail","hentry","category-internacional"],"jetpack_featured_media_url":"https:\/\/encuentroinformativo.com.mx\/wp-content\/uploads\/2024\/03\/IMG-20240328-WA0069.jpg","jetpack_sharing_enabled":true,"jetpack_likes_enabled":true,"amp_enabled":true,"_links":{"self":[{"href":"https:\/\/encuentroinformativo.com.mx\/index.php?rest_route=\/wp\/v2\/posts\/52574","targetHints":{"allow":["GET"]}}],"collection":[{"href":"https:\/\/encuentroinformativo.com.mx\/index.php?rest_route=\/wp\/v2\/posts"}],"about":[{"href":"https:\/\/encuentroinformativo.com.mx\/index.php?rest_route=\/wp\/v2\/types\/post"}],"author":[{"embeddable":true,"href":"https:\/\/encuentroinformativo.com.mx\/index.php?rest_route=\/wp\/v2\/users\/2476"}],"replies":[{"embeddable":true,"href":"https:\/\/encuentroinformativo.com.mx\/index.php?rest_route=%2Fwp%2Fv2%2Fcomments&post=52574"}],"version-history":[{"count":1,"href":"https:\/\/encuentroinformativo.com.mx\/index.php?rest_route=\/wp\/v2\/posts\/52574\/revisions"}],"predecessor-version":[{"id":52576,"href":"https:\/\/encuentroinformativo.com.mx\/index.php?rest_route=\/wp\/v2\/posts\/52574\/revisions\/52576"}],"wp:featuredmedia":[{"embeddable":true,"href":"https:\/\/encuentroinformativo.com.mx\/index.php?rest_route=\/wp\/v2\/media\/52575"}],"wp:attachment":[{"href":"https:\/\/encuentroinformativo.com.mx\/index.php?rest_route=%2Fwp%2Fv2%2Fmedia&parent=52574"}],"wp:term":[{"taxonomy":"category","embeddable":true,"href":"https:\/\/encuentroinformativo.com.mx\/index.php?rest_route=%2Fwp%2Fv2%2Fcategories&post=52574"},{"taxonomy":"post_tag","embeddable":true,"href":"https:\/\/encuentroinformativo.com.mx\/index.php?rest_route=%2Fwp%2Fv2%2Ftags&post=52574"}],"curies":[{"name":"wp","href":"https:\/\/api.w.org\/{rel}","templated":true}]}}