{"id":52588,"date":"2024-03-29T11:58:07","date_gmt":"2024-03-29T17:58:07","guid":{"rendered":"https:\/\/encuentroinformativo.com.mx\/?p=52588"},"modified":"2024-03-29T11:58:07","modified_gmt":"2024-03-29T17:58:07","slug":"polo-deschamps-iniciara-campana-en-la-zona-norte-de-veracruz","status":"publish","type":"post","link":"https:\/\/encuentroinformativo.com.mx\/?p=52588","title":{"rendered":"Polo Deschamps iniciara campa\u00f1a en la zona norte de Veracruz"},"content":{"rendered":"\n<p><strong>Alejandro \u00c1vila<\/strong><\/p>\n\n\n\n<p>Veracruz, Ver.- Este &#8220;viernes santo&#8221; se inform\u00f3 que el candidato a la gubernatura de Veracruz por Movimiento Ciudadano, Hip\u00f3lito Deschamps Espino Barros, iniciar\u00e1 campa\u00f1a en el norte de la entidad; al tiempo que se descartaron m\u00edtines masivos con cientos de acarreados para sus eventos.<\/p>\n\n\n\n<p>Este domingo durante su primer d\u00eda de campa\u00f1a, Polo Deschamps recorrer\u00e1 los municipios de P\u00e1nuco y Tantoyuca; mientras que en el segundo d\u00eda de trabajo lo har\u00e1 por \u00c1lamo y Tuxpan.<\/p>\n\n\n\n<p>\u201cNosotros no tendremos la t\u00edpica agenda de campa\u00f1a partidista pol\u00edtica haciendo m\u00edtines masivos con acarreados, porque eso forma parte de la vieja pol\u00edtica a la que los veracruzanos ya no quieren. Nosotros en la campa\u00f1a vamos a seguir haciendo lo que hemos venido haciendo estos \u00faltimos a\u00f1os: caminar, entrar a las casas de los veracruzanos, escucharlos y ayudarlos directamente, eso es lo que vamos a seguir haciendo porque es lo que la gente quiere, que se les escuche, se les atienda y se les ayude\u201d, se\u00f1al\u00f3.<\/p>\n\n\n\n<p>En ese sentido, dijo que a diferencia de la candidata oficialista, \u00e9l s\u00ed conoce Veracruz y lo ha recorrido durante varios a\u00f1os, teniendo la fortuna de que la gente lo reciba en su casa y de esta manera conocer de viva voz las necesidades de cada uno de los veracruzanos, las cuales var\u00edan dependiendo de su condici\u00f3n social y de su zona en la entidad.<\/p>\n","protected":false},"excerpt":{"rendered":"<p>Alejandro \u00c1vila Veracruz, Ver.- Este &#8220;viernes santo&#8221; se inform\u00f3 que el candidato a la gubernatura de Veracruz por Movimiento Ciudadano, Hip\u00f3lito Deschamps Espino Barros, iniciar\u00e1 campa\u00f1a en el norte de la entidad; al tiempo que se descartaron m\u00edtines masivos con cientos de acarreados para sus eventos. Este domingo durante su primer d\u00eda de campa\u00f1a, Polo [&hellip;]<\/p>\n","protected":false},"author":2476,"featured_media":50684,"comment_status":"open","ping_status":"open","sticky":false,"template":"","format":"standard","meta":{"_jetpack_memberships_contains_paid_content":false,"footnotes":""},"categories":[2],"tags":[],"class_list":["post-52588","post","type-post","status-publish","format-standard","has-post-thumbnail","hentry","category-estado"],"jetpack_featured_media_url":"https:\/\/encuentroinformativo.com.mx\/wp-content\/uploads\/2024\/02\/IMG-20240215-WA00352.jpg","jetpack_sharing_enabled":true,"jetpack_likes_enabled":true,"amp_enabled":true,"_links":{"self":[{"href":"https:\/\/encuentroinformativo.com.mx\/index.php?rest_route=\/wp\/v2\/posts\/52588","targetHints":{"allow":["GET"]}}],"collection":[{"href":"https:\/\/encuentroinformativo.com.mx\/index.php?rest_route=\/wp\/v2\/posts"}],"about":[{"href":"https:\/\/encuentroinformativo.com.mx\/index.php?rest_route=\/wp\/v2\/types\/post"}],"author":[{"embeddable":true,"href":"https:\/\/encuentroinformativo.com.mx\/index.php?rest_route=\/wp\/v2\/users\/2476"}],"replies":[{"embeddable":true,"href":"https:\/\/encuentroinformativo.com.mx\/index.php?rest_route=%2Fwp%2Fv2%2Fcomments&post=52588"}],"version-history":[{"count":1,"href":"https:\/\/encuentroinformativo.com.mx\/index.php?rest_route=\/wp\/v2\/posts\/52588\/revisions"}],"predecessor-version":[{"id":52589,"href":"https:\/\/encuentroinformativo.com.mx\/index.php?rest_route=\/wp\/v2\/posts\/52588\/revisions\/52589"}],"wp:featuredmedia":[{"embeddable":true,"href":"https:\/\/encuentroinformativo.com.mx\/index.php?rest_route=\/wp\/v2\/media\/50684"}],"wp:attachment":[{"href":"https:\/\/encuentroinformativo.com.mx\/index.php?rest_route=%2Fwp%2Fv2%2Fmedia&parent=52588"}],"wp:term":[{"taxonomy":"category","embeddable":true,"href":"https:\/\/encuentroinformativo.com.mx\/index.php?rest_route=%2Fwp%2Fv2%2Fcategories&post=52588"},{"taxonomy":"post_tag","embeddable":true,"href":"https:\/\/encuentroinformativo.com.mx\/index.php?rest_route=%2Fwp%2Fv2%2Ftags&post=52588"}],"curies":[{"name":"wp","href":"https:\/\/api.w.org\/{rel}","templated":true}]}}