{"id":52596,"date":"2024-03-29T12:05:30","date_gmt":"2024-03-29T18:05:30","guid":{"rendered":"https:\/\/encuentroinformativo.com.mx\/?p=52596"},"modified":"2024-03-29T12:05:38","modified_gmt":"2024-03-29T18:05:38","slug":"por-complicaciones-inicia-viacrucis-de-veracruz-sin-la-cruz","status":"publish","type":"post","link":"https:\/\/encuentroinformativo.com.mx\/?p=52596","title":{"rendered":"Por complicaciones inicia Viacrucis de Veracruz sin la cruz"},"content":{"rendered":"\n<p><strong>Alejandro \u00c1vila<\/strong><\/p>\n\n\n\n<p>Veracruz, Ver.- En este 2024 el Viacrucis viviente de la ciudad de Veracruz tuvo la particularidad de que inici\u00f3 sin la cruz, debido algunas complicaciones t\u00e9cnicas, es decir, problemas con la vialidad.<\/p>\n\n\n\n<p>El evento que tuvo inicio en el bulevar &#8220;Manuel \u00c1vila Camacho&#8221; para recorrer el Malec\u00f3n y llegar hasta la catedral de &#8220;Nuestra Se\u00f1ora de la Asunci\u00f3n&#8221;, es llevado a cabo por segunda a\u00f1o consecutivo, en el se representa la pasi\u00f3n y muerte de Cristo.<\/p>\n\n\n\n<p>En esta edici\u00f3n, se tuvo la particularidad que el recorrido sali\u00f3 sin la cruz, y fue hasta la Cuarta Estaci\u00f3n cuando se pudo agregar, para que el feligres que personifica a Jes\u00fas pudiera cargarla.<\/p>\n\n\n\n<p>A lo largo de todo el recorrido, Jes\u00fas con corona de espinas recibi\u00f3 latigazos, insultos y ayuda como marca la recreaci\u00f3n del Viernes Santo.<\/p>\n\n\n\n<p>Son j\u00f3venes actores quienes se personificaron con los personajes y caracterizaron de Jes\u00fas, soldados, pueblo de Israel, as\u00ed como Mar\u00eda.<\/p>\n\n\n\n<p>El viacrucis fue encabezado por el Obispo de la Di\u00f3cesis de Veracruz, Carlos Brise\u00f1o Arch.<\/p>\n\n\n\n<p>Se recorrieron las 14 estaciones que conforman el viacrucis y que representan las ca\u00eddas de Jes\u00fas en su trayecto hasta la crucifixi\u00f3n.<\/p>\n\n\n\n<figure class=\"wp-block-image size-large\"><img loading=\"lazy\" decoding=\"async\" width=\"1024\" height=\"576\" src=\"https:\/\/encuentroinformativo.com.mx\/wp-content\/uploads\/2024\/03\/IMG-20240329-WA0023-1024x576.jpg\" alt=\"\" class=\"wp-image-52598\" srcset=\"https:\/\/encuentroinformativo.com.mx\/wp-content\/uploads\/2024\/03\/IMG-20240329-WA0023-1024x576.jpg 1024w, https:\/\/encuentroinformativo.com.mx\/wp-content\/uploads\/2024\/03\/IMG-20240329-WA0023-300x169.jpg 300w, https:\/\/encuentroinformativo.com.mx\/wp-content\/uploads\/2024\/03\/IMG-20240329-WA0023-768x432.jpg 768w, https:\/\/encuentroinformativo.com.mx\/wp-content\/uploads\/2024\/03\/IMG-20240329-WA0023-1536x864.jpg 1536w, https:\/\/encuentroinformativo.com.mx\/wp-content\/uploads\/2024\/03\/IMG-20240329-WA0023.jpg 1600w\" sizes=\"auto, (max-width: 1024px) 100vw, 1024px\" \/><\/figure>\n","protected":false},"excerpt":{"rendered":"<p>Alejandro \u00c1vila Veracruz, Ver.- En este 2024 el Viacrucis viviente de la ciudad de Veracruz tuvo la particularidad de que inici\u00f3 sin la cruz, debido algunas complicaciones t\u00e9cnicas, es decir, problemas con la vialidad. El evento que tuvo inicio en el bulevar &#8220;Manuel \u00c1vila Camacho&#8221; para recorrer el Malec\u00f3n y llegar hasta la catedral de [&hellip;]<\/p>\n","protected":false},"author":2476,"featured_media":52597,"comment_status":"open","ping_status":"open","sticky":false,"template":"","format":"standard","meta":{"_jetpack_memberships_contains_paid_content":false,"footnotes":""},"categories":[2],"tags":[],"class_list":["post-52596","post","type-post","status-publish","format-standard","has-post-thumbnail","hentry","category-estado"],"jetpack_featured_media_url":"https:\/\/encuentroinformativo.com.mx\/wp-content\/uploads\/2024\/03\/IMG-20240329-WA0022.jpg","jetpack_sharing_enabled":true,"jetpack_likes_enabled":true,"amp_enabled":true,"_links":{"self":[{"href":"https:\/\/encuentroinformativo.com.mx\/index.php?rest_route=\/wp\/v2\/posts\/52596","targetHints":{"allow":["GET"]}}],"collection":[{"href":"https:\/\/encuentroinformativo.com.mx\/index.php?rest_route=\/wp\/v2\/posts"}],"about":[{"href":"https:\/\/encuentroinformativo.com.mx\/index.php?rest_route=\/wp\/v2\/types\/post"}],"author":[{"embeddable":true,"href":"https:\/\/encuentroinformativo.com.mx\/index.php?rest_route=\/wp\/v2\/users\/2476"}],"replies":[{"embeddable":true,"href":"https:\/\/encuentroinformativo.com.mx\/index.php?rest_route=%2Fwp%2Fv2%2Fcomments&post=52596"}],"version-history":[{"count":1,"href":"https:\/\/encuentroinformativo.com.mx\/index.php?rest_route=\/wp\/v2\/posts\/52596\/revisions"}],"predecessor-version":[{"id":52599,"href":"https:\/\/encuentroinformativo.com.mx\/index.php?rest_route=\/wp\/v2\/posts\/52596\/revisions\/52599"}],"wp:featuredmedia":[{"embeddable":true,"href":"https:\/\/encuentroinformativo.com.mx\/index.php?rest_route=\/wp\/v2\/media\/52597"}],"wp:attachment":[{"href":"https:\/\/encuentroinformativo.com.mx\/index.php?rest_route=%2Fwp%2Fv2%2Fmedia&parent=52596"}],"wp:term":[{"taxonomy":"category","embeddable":true,"href":"https:\/\/encuentroinformativo.com.mx\/index.php?rest_route=%2Fwp%2Fv2%2Fcategories&post=52596"},{"taxonomy":"post_tag","embeddable":true,"href":"https:\/\/encuentroinformativo.com.mx\/index.php?rest_route=%2Fwp%2Fv2%2Ftags&post=52596"}],"curies":[{"name":"wp","href":"https:\/\/api.w.org\/{rel}","templated":true}]}}