{"id":52609,"date":"2024-03-29T14:38:30","date_gmt":"2024-03-29T20:38:30","guid":{"rendered":"https:\/\/encuentroinformativo.com.mx\/?p=52609"},"modified":"2024-03-29T14:38:38","modified_gmt":"2024-03-29T20:38:38","slug":"encabeza-arzobispo-patron-wong-viacrucis-por-calles-xalapenas","status":"publish","type":"post","link":"https:\/\/encuentroinformativo.com.mx\/?p=52609","title":{"rendered":"Encabeza Arzobispo Patr\u00f3n Wong viacrucis por calles xalape\u00f1as"},"content":{"rendered":"\n<p><strong>Dar\u00edo Pale <\/strong><\/p>\n\n\n\n<p>Xalapa, Ver.- Este d\u00eda el Arzobispo de Xalapa Jorge Carlos Patr\u00f3n Wong presidi\u00f3 el viacrusis de la catedral metropolitana donde fue acompa\u00f1ado de una gran cantidad de feligreses por las calles del centro de la capital del estado.<\/p>\n\n\n\n<p>Inici\u00f3 en al calle de Enr\u00edquez, pas\u00f3 por la calle Benito Ju\u00e1rez, Clavijero, Acueducto, Leandro Valle, retornaron a Enr\u00edquez y concluy\u00f3 en la catedral.<\/p>\n\n\n\n<p>Tambi\u00e9n se realiz\u00f3 el tradicional viacrucis en el barrio de Xallitic, donde se record\u00f3 el recorrido que realiz\u00f3 Jesus rumbo al monte calvario donde fue crucificado.<\/p>\n\n\n\n<p>Cabe recordar que la expresi\u00f3n latina &#8220;Via Crucis&#8221; significa &#8220;camino de la Cruz&#8221;, y consta de 14 estaciones las cuales s basan en un paso o episodio de la pasi\u00f3n de Jesus, en algunas ocasiones se a\u00f1ade una decimoquinta estaci\u00f3n la cual est\u00e1 dedicada a la Resurrecci\u00f3n de Cristo.<\/p>\n\n\n\n<p>Las estaciones tienen un n\u00facleo central el cual es la meditaci\u00f3n y la contemplaci\u00f3n de uno de estos momentos, puede seguir la exposici\u00f3n del acontecimiento propuesto o una meditaci\u00f3n silenciosa.<\/p>\n\n\n\n<p>Este n\u00facleo suele ir precedido y seguido de diversas preces y oraciones, seg\u00fan las costumbres y tradiciones de las diferentes regiones o comunidades eclesiales.<br>Las estaciones son las siguientes:<\/p>\n\n\n\n<p>1. Jes\u00fas es condenado a muerte.<\/p>\n\n\n\n<p>2. Jes\u00fas carga con la Cruz.<\/p>\n\n\n\n<p>3. Jes\u00fas cae por primera vez.<\/p>\n\n\n\n<p>4. Jes\u00fas encuentra a Mar\u00eda, su Sant\u00edsima Madre.<\/p>\n\n\n\n<p>5. Sim\u00f3n ayuda a llevar la Cruz de Jes\u00fas.<\/p>\n\n\n\n<p>6. La Ver\u00f3nica enjuga el rostro de Jes\u00fas.<\/p>\n\n\n\n<p>7. Jes\u00fas cae por segunda vez.<\/p>\n\n\n\n<p>8. Jes\u00fas consuela a las hijas de Jerusal\u00e9n.<\/p>\n\n\n\n<p>9. Jes\u00fas cae por tercera vez.<\/p>\n\n\n\n<p>10. Jes\u00fas es despojado de sus vestiduras.<\/p>\n\n\n\n<p>11. Jes\u00fas es clavado en la Cruz.<\/p>\n\n\n\n<p>12. Jes\u00fas muere en la Cruz.<\/p>\n\n\n\n<p>13. Jes\u00fas en brazos de su Madre.<\/p>\n\n\n\n<p>14. Jes\u00fas es sepultado.<\/p>\n\n\n\n<p>15. Y al tercer d\u00eda resucit\u00f3.<\/p>\n\n\n\n<p>Los precedentes del V\u00eda Crucis de los primeros siglos del cristianismo, cuando los peregrinos marcaban ciertos lugares de la v\u00eda dolorosa en Jerusal\u00e9n.\u00a0<\/p>\n\n\n\n<p>Algunas de las escenas que son recordadas han sido tomadas del Evangelio, mientras que otras han a\u00f1adido en la tradici\u00f3n y la deducci\u00f3n del pueblo cristiano con una sana l\u00f3gica.<\/p>\n\n\n\n<p>Por \u00faltimo cabe se\u00f1alar que \u00e9l viacrusis se realiza en las diferentes iglesias del mundo en cada una de ellas de acuerdo a sus costumbres y tradiciones.<\/p>\n\n\n\n<figure class=\"wp-block-image size-large\"><img loading=\"lazy\" decoding=\"async\" width=\"1024\" height=\"757\" src=\"https:\/\/encuentroinformativo.com.mx\/wp-content\/uploads\/2024\/03\/IMG-20240329-WA0028-1024x757.jpg\" alt=\"\" class=\"wp-image-52610\" srcset=\"https:\/\/encuentroinformativo.com.mx\/wp-content\/uploads\/2024\/03\/IMG-20240329-WA0028-1024x757.jpg 1024w, https:\/\/encuentroinformativo.com.mx\/wp-content\/uploads\/2024\/03\/IMG-20240329-WA0028-300x222.jpg 300w, https:\/\/encuentroinformativo.com.mx\/wp-content\/uploads\/2024\/03\/IMG-20240329-WA0028-768x567.jpg 768w, https:\/\/encuentroinformativo.com.mx\/wp-content\/uploads\/2024\/03\/IMG-20240329-WA0028-1536x1135.jpg 1536w, https:\/\/encuentroinformativo.com.mx\/wp-content\/uploads\/2024\/03\/IMG-20240329-WA0028-2048x1513.jpg 2048w\" sizes=\"auto, (max-width: 1024px) 100vw, 1024px\" \/><\/figure>\n","protected":false},"excerpt":{"rendered":"<p>Dar\u00edo Pale Xalapa, Ver.- Este d\u00eda el Arzobispo de Xalapa Jorge Carlos Patr\u00f3n Wong presidi\u00f3 el viacrusis de la catedral metropolitana donde fue acompa\u00f1ado de una gran cantidad de feligreses por las calles del centro de la capital del estado. Inici\u00f3 en al calle de Enr\u00edquez, pas\u00f3 por la calle Benito Ju\u00e1rez, Clavijero, Acueducto, Leandro [&hellip;]<\/p>\n","protected":false},"author":2476,"featured_media":52611,"comment_status":"open","ping_status":"open","sticky":false,"template":"","format":"standard","meta":{"_jetpack_memberships_contains_paid_content":false,"footnotes":""},"categories":[3],"tags":[],"class_list":["post-52609","post","type-post","status-publish","format-standard","has-post-thumbnail","hentry","category-xalapa"],"jetpack_featured_media_url":"https:\/\/encuentroinformativo.com.mx\/wp-content\/uploads\/2024\/03\/IMG-20240329-WA0024.jpg","jetpack_sharing_enabled":true,"jetpack_likes_enabled":true,"amp_enabled":true,"_links":{"self":[{"href":"https:\/\/encuentroinformativo.com.mx\/index.php?rest_route=\/wp\/v2\/posts\/52609","targetHints":{"allow":["GET"]}}],"collection":[{"href":"https:\/\/encuentroinformativo.com.mx\/index.php?rest_route=\/wp\/v2\/posts"}],"about":[{"href":"https:\/\/encuentroinformativo.com.mx\/index.php?rest_route=\/wp\/v2\/types\/post"}],"author":[{"embeddable":true,"href":"https:\/\/encuentroinformativo.com.mx\/index.php?rest_route=\/wp\/v2\/users\/2476"}],"replies":[{"embeddable":true,"href":"https:\/\/encuentroinformativo.com.mx\/index.php?rest_route=%2Fwp%2Fv2%2Fcomments&post=52609"}],"version-history":[{"count":1,"href":"https:\/\/encuentroinformativo.com.mx\/index.php?rest_route=\/wp\/v2\/posts\/52609\/revisions"}],"predecessor-version":[{"id":52612,"href":"https:\/\/encuentroinformativo.com.mx\/index.php?rest_route=\/wp\/v2\/posts\/52609\/revisions\/52612"}],"wp:featuredmedia":[{"embeddable":true,"href":"https:\/\/encuentroinformativo.com.mx\/index.php?rest_route=\/wp\/v2\/media\/52611"}],"wp:attachment":[{"href":"https:\/\/encuentroinformativo.com.mx\/index.php?rest_route=%2Fwp%2Fv2%2Fmedia&parent=52609"}],"wp:term":[{"taxonomy":"category","embeddable":true,"href":"https:\/\/encuentroinformativo.com.mx\/index.php?rest_route=%2Fwp%2Fv2%2Fcategories&post=52609"},{"taxonomy":"post_tag","embeddable":true,"href":"https:\/\/encuentroinformativo.com.mx\/index.php?rest_route=%2Fwp%2Fv2%2Ftags&post=52609"}],"curies":[{"name":"wp","href":"https:\/\/api.w.org\/{rel}","templated":true}]}}