{"id":52613,"date":"2024-03-29T15:24:08","date_gmt":"2024-03-29T21:24:08","guid":{"rendered":"https:\/\/encuentroinformativo.com.mx\/?p=52613"},"modified":"2024-03-29T15:24:17","modified_gmt":"2024-03-29T21:24:17","slug":"pide-iglesia-por-desaparecidos-injusticias-y-dolor","status":"publish","type":"post","link":"https:\/\/encuentroinformativo.com.mx\/?p=52613","title":{"rendered":"Pide Iglesia por desaparecidos, injusticias y dolor"},"content":{"rendered":"\n<p><strong>Dar\u00edo Pale <\/strong><\/p>\n\n\n\n<p>Xalapa, Ver.- El arzobispo de Xalapa, Jorge Carlos Patr\u00f3n Wong, critic\u00f3 que el Estado, &#8220;hay dolor, hay sufrimiento, hay violencia, tenemos desaparecidos, tenemos injusticias, corrupciones; pero hay luz porque en todas partes de Xalapa, en nuestras familias y en las nuevas generaciones, tenemos en el interior la certeza de que con la presencia de Jesucristo vencemos todas esas dificultades&#8221;.<\/p>\n\n\n\n<p>Este viernes, el arzobispo de Xalapa encabez\u00f3\u00a0el viacrucis de la Catedral Metropolitana como motivo del Viernes Santo, ah\u00ed precis\u00f3 que la Iglesia Cat\u00f3lica ve en las nuevas generaciones una nueva esperanza, y conf\u00eda en que el fortalecimiento de la familia prevalezca.<\/p>\n\n\n\n<p>Declar\u00f3 que esta Semana Santa, muchos adolescentes y j\u00f3venes &#8220;han tomado&#8221; las parroquias y comunidades, lo que llena a la iglesia de esperanza ante el panorama que se vive.<\/p>\n\n\n\n<p>Tras realizar un recorrido como parte de la pasi\u00f3n y muerte de Jes\u00fas Cristo en Xalapa, inform\u00f3\u00a0 que durante estos d\u00edas la iglesia orar\u00e1 por la comuni\u00f3n, solidaridad y la paz.<\/p>\n\n\n\n<p>Finalmente record\u00f3 que este viernes por la noche se realizar\u00e1 la Procesi\u00f3n del Silencio como parte de la celebraci\u00f3n.<\/p>\n","protected":false},"excerpt":{"rendered":"<p>Dar\u00edo Pale Xalapa, Ver.- El arzobispo de Xalapa, Jorge Carlos Patr\u00f3n Wong, critic\u00f3 que el Estado, &#8220;hay dolor, hay sufrimiento, hay violencia, tenemos desaparecidos, tenemos injusticias, corrupciones; pero hay luz porque en todas partes de Xalapa, en nuestras familias y en las nuevas generaciones, tenemos en el interior la certeza de que con la presencia [&hellip;]<\/p>\n","protected":false},"author":2476,"featured_media":52614,"comment_status":"open","ping_status":"open","sticky":false,"template":"","format":"standard","meta":{"_jetpack_memberships_contains_paid_content":false,"footnotes":""},"categories":[2],"tags":[],"class_list":["post-52613","post","type-post","status-publish","format-standard","has-post-thumbnail","hentry","category-estado"],"jetpack_featured_media_url":"https:\/\/encuentroinformativo.com.mx\/wp-content\/uploads\/2024\/03\/IMG-20240329-WA0065.jpg","jetpack_sharing_enabled":true,"jetpack_likes_enabled":true,"amp_enabled":true,"_links":{"self":[{"href":"https:\/\/encuentroinformativo.com.mx\/index.php?rest_route=\/wp\/v2\/posts\/52613","targetHints":{"allow":["GET"]}}],"collection":[{"href":"https:\/\/encuentroinformativo.com.mx\/index.php?rest_route=\/wp\/v2\/posts"}],"about":[{"href":"https:\/\/encuentroinformativo.com.mx\/index.php?rest_route=\/wp\/v2\/types\/post"}],"author":[{"embeddable":true,"href":"https:\/\/encuentroinformativo.com.mx\/index.php?rest_route=\/wp\/v2\/users\/2476"}],"replies":[{"embeddable":true,"href":"https:\/\/encuentroinformativo.com.mx\/index.php?rest_route=%2Fwp%2Fv2%2Fcomments&post=52613"}],"version-history":[{"count":1,"href":"https:\/\/encuentroinformativo.com.mx\/index.php?rest_route=\/wp\/v2\/posts\/52613\/revisions"}],"predecessor-version":[{"id":52615,"href":"https:\/\/encuentroinformativo.com.mx\/index.php?rest_route=\/wp\/v2\/posts\/52613\/revisions\/52615"}],"wp:featuredmedia":[{"embeddable":true,"href":"https:\/\/encuentroinformativo.com.mx\/index.php?rest_route=\/wp\/v2\/media\/52614"}],"wp:attachment":[{"href":"https:\/\/encuentroinformativo.com.mx\/index.php?rest_route=%2Fwp%2Fv2%2Fmedia&parent=52613"}],"wp:term":[{"taxonomy":"category","embeddable":true,"href":"https:\/\/encuentroinformativo.com.mx\/index.php?rest_route=%2Fwp%2Fv2%2Fcategories&post=52613"},{"taxonomy":"post_tag","embeddable":true,"href":"https:\/\/encuentroinformativo.com.mx\/index.php?rest_route=%2Fwp%2Fv2%2Ftags&post=52613"}],"curies":[{"name":"wp","href":"https:\/\/api.w.org\/{rel}","templated":true}]}}