{"id":5262,"date":"2020-08-27T10:56:40","date_gmt":"2020-08-27T15:56:40","guid":{"rendered":"https:\/\/encuentroinformativo.com\/?p=5262"},"modified":"2020-08-27T10:56:43","modified_gmt":"2020-08-27T15:56:43","slug":"por-covid-solicita-salud-mantener-restriccion-de-movilidad","status":"publish","type":"post","link":"https:\/\/encuentroinformativo.com.mx\/?p=5262","title":{"rendered":"Por Covid, solicita Salud mantener restricci\u00f3n de movilidad"},"content":{"rendered":"\n<p><strong>Juan Arcos <\/strong><\/p>\n\n\n\n<p>Xalapa, Ver.- El Comit\u00e9 T\u00e9cnico de Salud solicit\u00f3 al gobernador Cuitl\u00e1huac Garc\u00eda Jim\u00e9nez decretar nuevamente la reducci\u00f3n de movilidad en 20 municipios, durante los d\u00edas 28, 29 y 30 de agosto.<\/p>\n\n\n\n<p>As\u00ed lo dio a conocer el titular de la Secretar\u00eda de Salud de Veracruz (SS), Roberto Ramos Alor, quien adem\u00e1s reconoci\u00f3 que contin\u00faan en aumento los contagios de SARS-COV-2 (COVID-19) en distintos puntos de la entidad.<\/p>\n\n\n\n<p>En ese sentido, indic\u00f3 que las medidas restrictivas ser\u00edan aplicadas en Veracruz, Orizaba, Xalapa, Poza Rica, C\u00f3rdoba, Coatzacoalcos, P\u00e1nuco, R\u00edo Blanco, Boca del R\u00edo, Tuxpan, Cosamaloapan, Ixtaczoquitl\u00e1n, La Antigua, Minatitl\u00e1n, Fort\u00edn, Zongolica, Nogales, Medell\u00edn, \u00darsulo Galv\u00e1n y Tres Valles, donde es mayor la cifra de casos positivos y activos.<\/p>\n\n\n\n<p>El decreto contempla el cierre de calles en las zonas centro de cada uno de los lugares mencionados, para disminuir la velocidad de contagios y evitar la saturaci\u00f3n de los hospitales.<\/p>\n\n\n\n<p>El funcionario estatal pidi\u00f3 el apoyo de las autoridades municipales para que, en la medida de su competencia, lleven a cabo dichas acciones en sus territorios.<\/p>\n\n\n\n<p>\u201cCon el objetivo de que un gran n\u00famero de la poblaci\u00f3n coadyuve y as\u00ed podamos bajar la velocidad de contagios\u201d.<\/p>\n\n\n\n<p>Ramos Alor record\u00f3 que en la reuni\u00f3n del Comit\u00e9 Tecnico de Salud, celebrada este mi\u00e9rcoles, se evaluaron los resultados de la Estrategia Estatal contra el Coronavirus y, aunque hay resultados alentadores, a\u00fan falta para lograr el objetivo.<\/p>\n\n\n\n<p>Por su parte, la jefa de Epidemiolog\u00eda de la Secretar\u00eda de Salud, Dulce Mar\u00eda Espejo Guevara, report\u00f3 que el n\u00famero de positivos acumulados subi\u00f3 a 27 mil 523 en 200 municipios, es decir, que hubo 134 nuevos casos en las \u00faltimas 24 horas.<\/p>\n\n\n\n<p>En la entidad han sido estudiados 43 mil 669 casos, de los cuales, 13 mil 781 resultaron negativos.<\/p>\n\n\n\n<p>Adem\u00e1s, los casos activos son 916, mismos que representan un mayor riesgo de contagio.<\/p>\n\n\n\n<p>Hay reporte de 3 mil 650 fallecimientos en 158 demarcaciones; 21 nuevos casos en el \u00faltimo d\u00eda. Tambi\u00e9n se contabilizan 2 mil 365 sospechosos en 158 municipios.<\/p>\n\n\n\n<p>Hasta el momento, 20 mil 623 personas est\u00e1n recuperadas y recibieron el alta en alguna unidad del Sector Salud. Mientras que en vigilancia permanecen 3 mil 250 pacientes.<\/p>\n\n\n\n<p>El 91 por ciento de los decesos fue de pacientes intubados, debido a la gravedad que presentaron, mientras que el 9 por ciento ocurri\u00f3 fuera de alguna unidad de salud. El 35 por ciento fueron mujeres y 65 por ciento hombres, y el rango de edad era de 65 a\u00f1os.<\/p>\n\n\n\n<p>El Secretario de Salud garantiz\u00f3 la atenci\u00f3n especializada y de primer nivel a todos los pacientes en tratamiento oncol\u00f3gico.<\/p>\n\n\n\n<p>\u201cPor ninguna raz\u00f3n ser\u00e1n descuidados, pese a que a nivel nacional e internacional hay carencia de ciertos medicamentos, esto no significa que sus vidas corran peligro, por lo contrario, se ha reforzado la vigilancia con el objetivo de evitar emergencias\u201d, remat\u00f3.<\/p>\n\n\n\n<p><\/p>\n","protected":false},"excerpt":{"rendered":"<p>Juan Arcos Xalapa, Ver.- El Comit\u00e9 T\u00e9cnico de Salud solicit\u00f3 al gobernador Cuitl\u00e1huac Garc\u00eda Jim\u00e9nez decretar nuevamente la reducci\u00f3n de movilidad en 20 municipios, durante los d\u00edas 28, 29 y 30 de agosto. As\u00ed lo dio a conocer el titular de la Secretar\u00eda de Salud de Veracruz (SS), Roberto Ramos Alor, quien adem\u00e1s reconoci\u00f3 que [&hellip;]<\/p>\n","protected":false},"author":1,"featured_media":5263,"comment_status":"open","ping_status":"open","sticky":false,"template":"","format":"standard","meta":{"_jetpack_memberships_contains_paid_content":false,"footnotes":""},"categories":[9],"tags":[],"class_list":["post-5262","post","type-post","status-publish","format-standard","has-post-thumbnail","hentry","category-salud"],"jetpack_featured_media_url":"https:\/\/encuentroinformativo.com.mx\/wp-content\/uploads\/2020\/08\/D38EC115-57D8-4E0D-9CFE-13BFC59CECD6.jpeg","jetpack_sharing_enabled":true,"jetpack_likes_enabled":true,"amp_enabled":true,"_links":{"self":[{"href":"https:\/\/encuentroinformativo.com.mx\/index.php?rest_route=\/wp\/v2\/posts\/5262","targetHints":{"allow":["GET"]}}],"collection":[{"href":"https:\/\/encuentroinformativo.com.mx\/index.php?rest_route=\/wp\/v2\/posts"}],"about":[{"href":"https:\/\/encuentroinformativo.com.mx\/index.php?rest_route=\/wp\/v2\/types\/post"}],"author":[{"embeddable":true,"href":"https:\/\/encuentroinformativo.com.mx\/index.php?rest_route=\/wp\/v2\/users\/1"}],"replies":[{"embeddable":true,"href":"https:\/\/encuentroinformativo.com.mx\/index.php?rest_route=%2Fwp%2Fv2%2Fcomments&post=5262"}],"version-history":[{"count":1,"href":"https:\/\/encuentroinformativo.com.mx\/index.php?rest_route=\/wp\/v2\/posts\/5262\/revisions"}],"predecessor-version":[{"id":5264,"href":"https:\/\/encuentroinformativo.com.mx\/index.php?rest_route=\/wp\/v2\/posts\/5262\/revisions\/5264"}],"wp:featuredmedia":[{"embeddable":true,"href":"https:\/\/encuentroinformativo.com.mx\/index.php?rest_route=\/wp\/v2\/media\/5263"}],"wp:attachment":[{"href":"https:\/\/encuentroinformativo.com.mx\/index.php?rest_route=%2Fwp%2Fv2%2Fmedia&parent=5262"}],"wp:term":[{"taxonomy":"category","embeddable":true,"href":"https:\/\/encuentroinformativo.com.mx\/index.php?rest_route=%2Fwp%2Fv2%2Fcategories&post=5262"},{"taxonomy":"post_tag","embeddable":true,"href":"https:\/\/encuentroinformativo.com.mx\/index.php?rest_route=%2Fwp%2Fv2%2Ftags&post=5262"}],"curies":[{"name":"wp","href":"https:\/\/api.w.org\/{rel}","templated":true}]}}