{"id":52627,"date":"2024-03-30T12:59:56","date_gmt":"2024-03-30T18:59:56","guid":{"rendered":"https:\/\/encuentroinformativo.com.mx\/?p=52627"},"modified":"2024-03-30T13:00:03","modified_gmt":"2024-03-30T19:00:03","slug":"tras-asesinato-de-su-primo-adolfo-ramirez-desconoce-avances-en-investigacion","status":"publish","type":"post","link":"https:\/\/encuentroinformativo.com.mx\/?p=52627","title":{"rendered":"Tras asesinato de su primo, Adolfo Ram\u00edrez desconoce avances en investigaci\u00f3n"},"content":{"rendered":"\n<p><strong>Alejandro \u00c1vila<\/strong><\/p>\n\n\n\n<p>Veracruz, Ver.- El presidente del PRI en Veracruz, Adolfo Ram\u00edrez Arana, se neg\u00f3 a responder sobre los se\u00f1alamientos que pesan sobre su primo Policarpio, recientemente asesinado, y de quien el gobernador, Cuitl\u00e1huac Garc\u00eda Jim\u00e9nez, presumi\u00f3 ten\u00eda nexos con el crimen organizado, &#8220;no tengo idea, no puedo opinar sobre eso&#8221;, dijo en rueda de prensa.<\/p>\n\n\n\n<p>Es de recordar que, el pasado 4 de marzo fue asesinado en el estacionamiento de un restaurante de la localidad de Cardel, municipio de La Antigua, Policarpio Ram\u00edrez Coria, ex candidato a la alcald\u00eda de Paso de Ovejas en 2021; primo del actual dirigente del PRI, Adolfo Ram\u00edrez Arana y; hermano de Abel Ram\u00edrez Coria, ex presidente municipal de Paso de Ovejas, qui\u00e9n sufri\u00f3 un atentado en 2018 cuando festejaba su cumplea\u00f1os, evento donde muri\u00f3 una persona y tres m\u00e1s resultaron heridas.<\/p>\n\n\n\n<p>&#8220;Desconozco como va la investigaci\u00f3n, esperemos que se haga el trabajo adecuado (\u2026) no tengo idea en que car\u00e1cter est\u00e9 la investigaci\u00f3n&#8221;, subray\u00f3.<\/p>\n\n\n\n<p>Al respecto de la inseguridad, el presidente estatal del PRI mencion\u00f3 que en Veracruz se vive la inseguridad a cada momento y a todas horas.<\/p>\n\n\n\n<p>&#8220;Tenemos que acabar con eso el presidente de la rep\u00fablica prometi\u00f3 que en seis meses acabar\u00eda, van casi 6 a\u00f1os de su gobierno y cada vez se le agrava m\u00e1s, y siempre hay un pretexto para poder justificar esto de parte del titular del gobierno ejecutivo, pero no se ven avances en esa materia. Entonces, yo creo que los veracruzanos y los mexicanos a estamos unidos en ese sentido, y por eso vamos a ganar la pr\u00f3xima elecci\u00f3n&#8221;, sentenci\u00f3.<\/p>\n","protected":false},"excerpt":{"rendered":"<p>Alejandro \u00c1vila Veracruz, Ver.- El presidente del PRI en Veracruz, Adolfo Ram\u00edrez Arana, se neg\u00f3 a responder sobre los se\u00f1alamientos que pesan sobre su primo Policarpio, recientemente asesinado, y de quien el gobernador, Cuitl\u00e1huac Garc\u00eda Jim\u00e9nez, presumi\u00f3 ten\u00eda nexos con el crimen organizado, &#8220;no tengo idea, no puedo opinar sobre eso&#8221;, dijo en rueda de [&hellip;]<\/p>\n","protected":false},"author":2476,"featured_media":52628,"comment_status":"open","ping_status":"open","sticky":false,"template":"","format":"standard","meta":{"_jetpack_memberships_contains_paid_content":false,"footnotes":""},"categories":[2],"tags":[],"class_list":["post-52627","post","type-post","status-publish","format-standard","has-post-thumbnail","hentry","category-estado"],"jetpack_featured_media_url":"https:\/\/encuentroinformativo.com.mx\/wp-content\/uploads\/2024\/03\/IMG-20240330-WA0044.jpg","jetpack_sharing_enabled":true,"jetpack_likes_enabled":true,"amp_enabled":true,"_links":{"self":[{"href":"https:\/\/encuentroinformativo.com.mx\/index.php?rest_route=\/wp\/v2\/posts\/52627","targetHints":{"allow":["GET"]}}],"collection":[{"href":"https:\/\/encuentroinformativo.com.mx\/index.php?rest_route=\/wp\/v2\/posts"}],"about":[{"href":"https:\/\/encuentroinformativo.com.mx\/index.php?rest_route=\/wp\/v2\/types\/post"}],"author":[{"embeddable":true,"href":"https:\/\/encuentroinformativo.com.mx\/index.php?rest_route=\/wp\/v2\/users\/2476"}],"replies":[{"embeddable":true,"href":"https:\/\/encuentroinformativo.com.mx\/index.php?rest_route=%2Fwp%2Fv2%2Fcomments&post=52627"}],"version-history":[{"count":1,"href":"https:\/\/encuentroinformativo.com.mx\/index.php?rest_route=\/wp\/v2\/posts\/52627\/revisions"}],"predecessor-version":[{"id":52629,"href":"https:\/\/encuentroinformativo.com.mx\/index.php?rest_route=\/wp\/v2\/posts\/52627\/revisions\/52629"}],"wp:featuredmedia":[{"embeddable":true,"href":"https:\/\/encuentroinformativo.com.mx\/index.php?rest_route=\/wp\/v2\/media\/52628"}],"wp:attachment":[{"href":"https:\/\/encuentroinformativo.com.mx\/index.php?rest_route=%2Fwp%2Fv2%2Fmedia&parent=52627"}],"wp:term":[{"taxonomy":"category","embeddable":true,"href":"https:\/\/encuentroinformativo.com.mx\/index.php?rest_route=%2Fwp%2Fv2%2Fcategories&post=52627"},{"taxonomy":"post_tag","embeddable":true,"href":"https:\/\/encuentroinformativo.com.mx\/index.php?rest_route=%2Fwp%2Fv2%2Ftags&post=52627"}],"curies":[{"name":"wp","href":"https:\/\/api.w.org\/{rel}","templated":true}]}}