{"id":52654,"date":"2024-03-31T16:04:21","date_gmt":"2024-03-31T22:04:21","guid":{"rendered":"https:\/\/encuentroinformativo.com.mx\/?p=52654"},"modified":"2024-03-31T16:04:26","modified_gmt":"2024-03-31T22:04:26","slug":"con-espectaculo-de-drones-y-enalteciendo-la-cultura-veracruzana-arranca-campana-pepe-yunes","status":"publish","type":"post","link":"https:\/\/encuentroinformativo.com.mx\/?p=52654","title":{"rendered":"Con espect\u00e1culo de drones y enalteciendo la cultura veracruzana arranca campa\u00f1a Pepe Yunes"},"content":{"rendered":"\n<p><strong>Alejandro \u00c1vila<\/strong><\/p>\n\n\n\n<p>Boca del R\u00edo, Ver.- Con el &#8220;Coraz\u00f3n v<br>Veracruzano&#8221; y enalteciendo la cultura y ra\u00edces de la entidad que lo vio nacer, arranc\u00f3 en Boca del R\u00edo la campa\u00f1a rumbo a la gubernatura de Pepe Yunes.<\/p>\n\n\n\n<p>Al primer segundo del domingo 31 de marzo, Jos\u00e9 Francisco Yunes Zorrilla, flanqueado por Miguel \u00c1ngel Yunes Linares, Fernando y Miguel \u00c1ngel Yunes M\u00e1rquez, y H\u00e9ctor Yunes Landa, entre otros; Pepe arrib\u00f3 a la plaza Banderas donde lo esperaban cientos de simpatizantes que previamente hab\u00edan disfrutado del Festival de la Identidad Veracruzana.<\/p>\n\n\n\n<p>&#8220;Yo veo un Veracruz grande y alegre como lo estamos viviendo hoy. Un Veracruz con enorme potencial, con grandes recursos naturales y humanos, pero sin un gobierno de verdad&#8221;, asest\u00f3.<\/p>\n\n\n\n<p>Minutos m\u00e1s tarde y cuando se desplegaba en el cielo una tropa de drones, los cuales dibujaron en el aire la palabra Pepe y Gobernador; un versador solt\u00f3 unas d\u00e9cimas al m\u00e1s puro estilo de la regi\u00f3n de la Cuenca y Sotavento.<\/p>\n\n\n\n<p><em>Perote lo vio nacer y ha recorrido el estado, Senador y Diputado, y Gobernador va a ser. Ustedes lo van a ver tendr\u00e1n la oportunidad, con responsabilidad va a demostrarnos con hechos, que es de los hombres derechos, veracruzano en verdad<\/em><\/p>\n\n\n\n<p><em>De la costa hasta la sierra recorriendo las ciudades, pueblos y comunidades orgulloso de su tierra, el prop\u00f3sito que encierra con ah\u00ednco y con valor, es defender con honor a nuestra tierra de luz, rescatemos Veracruz con Pepe gobernador<\/em><\/p>\n\n\n\n<p>Simpatizantes de los tres partidos se conforman la alianza &#8220;Fuerza y Coraz\u00f3n por Veracruz&#8221; se unieron para brindar el apoyo al candidato del frente opositor, que este pr\u00f3ximo lunes recibir\u00e1 la visita de X\u00f3chitl G\u00e1lvez Ruiz, aspirante a la presidencia de M\u00e9xico.<\/p>\n","protected":false},"excerpt":{"rendered":"<p>Alejandro \u00c1vila Boca del R\u00edo, Ver.- Con el &#8220;Coraz\u00f3n vVeracruzano&#8221; y enalteciendo la cultura y ra\u00edces de la entidad que lo vio nacer, arranc\u00f3 en Boca del R\u00edo la campa\u00f1a rumbo a la gubernatura de Pepe Yunes. Al primer segundo del domingo 31 de marzo, Jos\u00e9 Francisco Yunes Zorrilla, flanqueado por Miguel \u00c1ngel Yunes Linares, [&hellip;]<\/p>\n","protected":false},"author":2476,"featured_media":52655,"comment_status":"open","ping_status":"open","sticky":false,"template":"","format":"standard","meta":{"_jetpack_memberships_contains_paid_content":false,"footnotes":""},"categories":[2],"tags":[],"class_list":["post-52654","post","type-post","status-publish","format-standard","has-post-thumbnail","hentry","category-estado"],"jetpack_featured_media_url":"https:\/\/encuentroinformativo.com.mx\/wp-content\/uploads\/2024\/03\/IMG-20240331-WA0007.jpg","jetpack_sharing_enabled":true,"jetpack_likes_enabled":true,"amp_enabled":true,"_links":{"self":[{"href":"https:\/\/encuentroinformativo.com.mx\/index.php?rest_route=\/wp\/v2\/posts\/52654","targetHints":{"allow":["GET"]}}],"collection":[{"href":"https:\/\/encuentroinformativo.com.mx\/index.php?rest_route=\/wp\/v2\/posts"}],"about":[{"href":"https:\/\/encuentroinformativo.com.mx\/index.php?rest_route=\/wp\/v2\/types\/post"}],"author":[{"embeddable":true,"href":"https:\/\/encuentroinformativo.com.mx\/index.php?rest_route=\/wp\/v2\/users\/2476"}],"replies":[{"embeddable":true,"href":"https:\/\/encuentroinformativo.com.mx\/index.php?rest_route=%2Fwp%2Fv2%2Fcomments&post=52654"}],"version-history":[{"count":1,"href":"https:\/\/encuentroinformativo.com.mx\/index.php?rest_route=\/wp\/v2\/posts\/52654\/revisions"}],"predecessor-version":[{"id":52656,"href":"https:\/\/encuentroinformativo.com.mx\/index.php?rest_route=\/wp\/v2\/posts\/52654\/revisions\/52656"}],"wp:featuredmedia":[{"embeddable":true,"href":"https:\/\/encuentroinformativo.com.mx\/index.php?rest_route=\/wp\/v2\/media\/52655"}],"wp:attachment":[{"href":"https:\/\/encuentroinformativo.com.mx\/index.php?rest_route=%2Fwp%2Fv2%2Fmedia&parent=52654"}],"wp:term":[{"taxonomy":"category","embeddable":true,"href":"https:\/\/encuentroinformativo.com.mx\/index.php?rest_route=%2Fwp%2Fv2%2Fcategories&post=52654"},{"taxonomy":"post_tag","embeddable":true,"href":"https:\/\/encuentroinformativo.com.mx\/index.php?rest_route=%2Fwp%2Fv2%2Ftags&post=52654"}],"curies":[{"name":"wp","href":"https:\/\/api.w.org\/{rel}","templated":true}]}}