{"id":5266,"date":"2020-08-27T12:38:51","date_gmt":"2020-08-27T17:38:51","guid":{"rendered":"https:\/\/encuentroinformativo.com\/?p=5266"},"modified":"2020-08-27T12:38:55","modified_gmt":"2020-08-27T17:38:55","slug":"promover-inclusion-reto-de-universidades","status":"publish","type":"post","link":"https:\/\/encuentroinformativo.com.mx\/?p=5266","title":{"rendered":"Promover inclusi\u00f3n, reto de universidades"},"content":{"rendered":"\n<p>Ciudad de M\u00e9xico.- Garantizar el acceso a la educaci\u00f3n superior en igualdad de condiciones es uno de los retos que las universidades tenemos por delante, afirm\u00f3 el rector de la\u00a0<a rel=\"noreferrer noopener\" href=\"https:\/\/www.unam.mx\/\" target=\"_blank\">UNAM<\/a>,\u00a0Enrique Graue Wiechers.<\/p>\n\n\n\n<p>\u201cLa equidad se consigue si diferenciamos y atendemos las distintas necesidades que tienen nuestros estudiantes\u201d, se\u00f1al\u00f3 al participar en los foros virtuales Problemas Metropolitanos, Acciones para su Atenci\u00f3n, con la tem\u00e1tica \u201cInclusi\u00f3n social: discapacidad, experiencias, reflexiones y propuestas para la educaci\u00f3n superior en el contexto actual de la pandemia\u201d.<\/p>\n\n\n\n<p>En el evento organizado por la Universidad Aut\u00f3noma Metropolitana (UAM), Graue expuso que para atender este problema urgente la UNAM ha realizado m\u00faltiples acciones; por ejemplo, estableci\u00f3 la Coordinaci\u00f3n para la Igualdad de G\u00e9nero y este fin de semana realizar\u00e1, por separado, y en las mejores condiciones posibles, el examen de ingreso a licenciatura, a personas que tienen alg\u00fan tipo de discapacidad. \u201cEsta es una de las muchas acciones que tenemos que realizar\u201d.<\/p>\n\n\n\n<p>Por ello, el rector celebr\u00f3 la organizaci\u00f3n de este foro, en el que tambi\u00e9n participaron el subsecretario de Educaci\u00f3n Superior, Luciano Concheiro; el secretario General de la Asociaci\u00f3n Nacional de Universidades e Instituciones de Educaci\u00f3n Superior (ANUIES), Jaime Valls; el rector de la Universidad An\u00e1huac, Cipriano S\u00e1nchez; la presidenta de la Comisi\u00f3n de Derechos Humanos de la Ciudad de M\u00e9xico, Nashieli Ram\u00edrez; la directora General del Instituto de las personas con Discapacidad de la Ciudad de M\u00e9xico, Ruth L\u00f3pez; y el presidente de la asociaci\u00f3n civil Entrop\u00eda Social, Enrique V\u00e1zquez.<\/p>\n\n\n\n<p>El foro, remarc\u00f3 el rector, es un espacio para analizar lo que las instituciones de educaci\u00f3n superior tienen que hacer para alcanzar la igualdad. \u201cQuienes estamos aqu\u00ed, estamos comprometidos con ella\u201d.<\/p>\n","protected":false},"excerpt":{"rendered":"<p>Ciudad de M\u00e9xico.- Garantizar el acceso a la educaci\u00f3n superior en igualdad de condiciones es uno de los retos que las universidades tenemos por delante, afirm\u00f3 el rector de la\u00a0UNAM,\u00a0Enrique Graue Wiechers. \u201cLa equidad se consigue si diferenciamos y atendemos las distintas necesidades que tienen nuestros estudiantes\u201d, se\u00f1al\u00f3 al participar en los foros virtuales Problemas [&hellip;]<\/p>\n","protected":false},"author":1,"featured_media":3097,"comment_status":"open","ping_status":"open","sticky":false,"template":"","format":"standard","meta":{"_jetpack_memberships_contains_paid_content":false,"footnotes":""},"categories":[12],"tags":[],"class_list":["post-5266","post","type-post","status-publish","format-standard","has-post-thumbnail","hentry","category-nacional"],"jetpack_featured_media_url":"https:\/\/encuentroinformativo.com.mx\/wp-content\/uploads\/2020\/06\/8D4BF932-6AEC-4AB3-8BA3-E869600477A3.jpeg","jetpack_sharing_enabled":true,"jetpack_likes_enabled":true,"amp_enabled":true,"_links":{"self":[{"href":"https:\/\/encuentroinformativo.com.mx\/index.php?rest_route=\/wp\/v2\/posts\/5266","targetHints":{"allow":["GET"]}}],"collection":[{"href":"https:\/\/encuentroinformativo.com.mx\/index.php?rest_route=\/wp\/v2\/posts"}],"about":[{"href":"https:\/\/encuentroinformativo.com.mx\/index.php?rest_route=\/wp\/v2\/types\/post"}],"author":[{"embeddable":true,"href":"https:\/\/encuentroinformativo.com.mx\/index.php?rest_route=\/wp\/v2\/users\/1"}],"replies":[{"embeddable":true,"href":"https:\/\/encuentroinformativo.com.mx\/index.php?rest_route=%2Fwp%2Fv2%2Fcomments&post=5266"}],"version-history":[{"count":1,"href":"https:\/\/encuentroinformativo.com.mx\/index.php?rest_route=\/wp\/v2\/posts\/5266\/revisions"}],"predecessor-version":[{"id":5267,"href":"https:\/\/encuentroinformativo.com.mx\/index.php?rest_route=\/wp\/v2\/posts\/5266\/revisions\/5267"}],"wp:featuredmedia":[{"embeddable":true,"href":"https:\/\/encuentroinformativo.com.mx\/index.php?rest_route=\/wp\/v2\/media\/3097"}],"wp:attachment":[{"href":"https:\/\/encuentroinformativo.com.mx\/index.php?rest_route=%2Fwp%2Fv2%2Fmedia&parent=5266"}],"wp:term":[{"taxonomy":"category","embeddable":true,"href":"https:\/\/encuentroinformativo.com.mx\/index.php?rest_route=%2Fwp%2Fv2%2Fcategories&post=5266"},{"taxonomy":"post_tag","embeddable":true,"href":"https:\/\/encuentroinformativo.com.mx\/index.php?rest_route=%2Fwp%2Fv2%2Ftags&post=5266"}],"curies":[{"name":"wp","href":"https:\/\/api.w.org\/{rel}","templated":true}]}}