{"id":52660,"date":"2024-03-31T16:15:59","date_gmt":"2024-03-31T22:15:59","guid":{"rendered":"https:\/\/encuentroinformativo.com.mx\/?p=52660"},"modified":"2024-03-31T16:16:05","modified_gmt":"2024-03-31T22:16:05","slug":"abuchean-a-rocio-nahle-en-cafe-de-boca-del-rio","status":"publish","type":"post","link":"https:\/\/encuentroinformativo.com.mx\/?p=52660","title":{"rendered":"Abuchean a Roc\u00edo Nahle en caf\u00e9 de Boca del R\u00edo"},"content":{"rendered":"\n<p><strong>Alejandro \u00c1vila<\/strong><\/p>\n\n\n\n<p>Boca del R\u00edo, Ver.- A su llegada ha conocido caf\u00e9 del municipio de Boca del R\u00edo donde dar\u00eda una rueda de prensa a los medios de comunicaci\u00f3n, la candidata a la gubernatura de Veracruz por Morena, Roc\u00edo Nahle Garc\u00eda, fue abucheada por los comensales de lugar.<\/p>\n\n\n\n<p>Apenas entrando al lugar acompa\u00f1ada de su comitiva y los candidatos al Senado de la Rep\u00fablica y las Diputaciones Federales y locales en la zona conurbada Veracruz &#8211; Boca del R\u00edo, diversos comensales captaron la presencia de la ex secretaria de Energ\u00eda y empezaron por las injurias en su contra.<\/p>\n\n\n\n<p>Un peque\u00f1o grupo de simpatizante quiso mitigar los gritos de rechazo, he intentado corear &#8220;gobernadora&#8221;, sin embargo, sus vitores se ahogaron ante la fuerza de los veracruzanos, que un\u00edan cada momento m\u00e1s voces.<\/p>\n\n\n\n<p>Finalmente, Roc\u00edo Nahle Garc\u00eda logr\u00f3 sentarse en la mesa dispuesta para dar entrevista a los reporteros presentes pero cuando estos le cuestionaron sobre las tres casas en lujosos fraccionamientos en Boca del R\u00edo, Coatzacoalcos y Tabasco, que fueron expuestas a trav\u00e9s de redes sociales por el empresario, Arturo Castagne, la candidata de Morena volte\u00f3 la cara y dijo que &#8220;no caer\u00e9 en provocaciones&#8221;; de forma soberbia, agreg\u00f3 que si quer\u00edan conocer sus propuestas de campa\u00f1a tendr\u00edan que ir este domingo a las 5 de la tarde a su evento de arranque en el Malec\u00f3n de Veracruz puerto.<\/p>\n","protected":false},"excerpt":{"rendered":"<p>Alejandro \u00c1vila Boca del R\u00edo, Ver.- A su llegada ha conocido caf\u00e9 del municipio de Boca del R\u00edo donde dar\u00eda una rueda de prensa a los medios de comunicaci\u00f3n, la candidata a la gubernatura de Veracruz por Morena, Roc\u00edo Nahle Garc\u00eda, fue abucheada por los comensales de lugar. Apenas entrando al lugar acompa\u00f1ada de su [&hellip;]<\/p>\n","protected":false},"author":2476,"featured_media":52661,"comment_status":"open","ping_status":"open","sticky":false,"template":"","format":"standard","meta":{"_jetpack_memberships_contains_paid_content":false,"footnotes":""},"categories":[2],"tags":[],"class_list":["post-52660","post","type-post","status-publish","format-standard","has-post-thumbnail","hentry","category-estado"],"jetpack_featured_media_url":"https:\/\/encuentroinformativo.com.mx\/wp-content\/uploads\/2024\/03\/Screenshot_20240331-1612482.png","jetpack_sharing_enabled":true,"jetpack_likes_enabled":true,"amp_enabled":true,"_links":{"self":[{"href":"https:\/\/encuentroinformativo.com.mx\/index.php?rest_route=\/wp\/v2\/posts\/52660","targetHints":{"allow":["GET"]}}],"collection":[{"href":"https:\/\/encuentroinformativo.com.mx\/index.php?rest_route=\/wp\/v2\/posts"}],"about":[{"href":"https:\/\/encuentroinformativo.com.mx\/index.php?rest_route=\/wp\/v2\/types\/post"}],"author":[{"embeddable":true,"href":"https:\/\/encuentroinformativo.com.mx\/index.php?rest_route=\/wp\/v2\/users\/2476"}],"replies":[{"embeddable":true,"href":"https:\/\/encuentroinformativo.com.mx\/index.php?rest_route=%2Fwp%2Fv2%2Fcomments&post=52660"}],"version-history":[{"count":1,"href":"https:\/\/encuentroinformativo.com.mx\/index.php?rest_route=\/wp\/v2\/posts\/52660\/revisions"}],"predecessor-version":[{"id":52662,"href":"https:\/\/encuentroinformativo.com.mx\/index.php?rest_route=\/wp\/v2\/posts\/52660\/revisions\/52662"}],"wp:featuredmedia":[{"embeddable":true,"href":"https:\/\/encuentroinformativo.com.mx\/index.php?rest_route=\/wp\/v2\/media\/52661"}],"wp:attachment":[{"href":"https:\/\/encuentroinformativo.com.mx\/index.php?rest_route=%2Fwp%2Fv2%2Fmedia&parent=52660"}],"wp:term":[{"taxonomy":"category","embeddable":true,"href":"https:\/\/encuentroinformativo.com.mx\/index.php?rest_route=%2Fwp%2Fv2%2Fcategories&post=52660"},{"taxonomy":"post_tag","embeddable":true,"href":"https:\/\/encuentroinformativo.com.mx\/index.php?rest_route=%2Fwp%2Fv2%2Ftags&post=52660"}],"curies":[{"name":"wp","href":"https:\/\/api.w.org\/{rel}","templated":true}]}}