{"id":52672,"date":"2024-03-31T21:17:08","date_gmt":"2024-04-01T03:17:08","guid":{"rendered":"https:\/\/encuentroinformativo.com.mx\/?p=52672"},"modified":"2024-03-31T21:17:13","modified_gmt":"2024-04-01T03:17:13","slug":"desde-el-puerto-de-veracruz-arranca-rocio-nahle-su-campana-a-la-gubernatura","status":"publish","type":"post","link":"https:\/\/encuentroinformativo.com.mx\/?p=52672","title":{"rendered":"Desde el Puerto de Veracruz, arranca Roc\u00edo Nahle su campa\u00f1a a la gubernatura"},"content":{"rendered":"\n<p><strong>*Miles de simpatizantes de Unidos Todos y militantes de Morena respaldaron las propuestas de la originaria de Coatzacoalcos.<\/strong><\/p>\n\n\n\n<p>Veracruz, Ver.- Este d\u00eda la Candidata a la Gubernatura de Veracruz, Roc\u00edo Nahle Garc\u00eda arranc\u00f3 oficialmente su campa\u00f1a ante miles de simpatizantes en la macro plaza del puerto de Veracruz y asegur\u00f3 que juntos seguir\u00e1n haciendo historia el pr\u00f3ximo 2 de junio.<\/p>\n\n\n\n<p>Al inicio de su discurso, la tambi\u00e9n originaria del municipio de Coatzacoalcos se\u00f1al\u00f3 que Morena y el presidente de M\u00e9xico, Andr\u00e9s Manuel L\u00f3pez Obrador, nos han llevado a una dignificaci\u00f3n social y humana, transformado la vida p\u00fablica y el r\u00e9gimen actual.<\/p>\n\n\n\n<p>\u201cComo bien lo dijo nuestra futura presidenta de M\u00e9xico, Claudia Sheinbaum, los mexicanos queremos que siga la Cuarta Transformaci\u00f3n y que no regresen esos personajes qu\u00e9 con sus actos han llegado al extremos de traicionar la patria\u201d.<\/p>\n\n\n\n<p>Nahle Garc\u00eda reconoci\u00f3 que ha recorrido ha 108 de los 212 municipios que integran en territorio veracruzano, tarea que le ha permitido conocer de cerca las necesidades de la poblaci\u00f3n y comprometerse a seguir trabajando por amor a Veracruz.<\/p>\n\n\n\n<p>\u201cHace apenas 5 a\u00f1os no era imaginable que todos nuestros adultos mayores, personas con discapacidad, j\u00f3venes y ni\u00f1os, recibieran una pensi\u00f3n digna. Comunidades indigentes, zonas rurales y urbanas, sintieron el cambio de los apoyo sociales qu\u00e9 desde la campa\u00f1a previa, morena hab\u00eda propuesto\u201d, agreg\u00f3.<\/p>\n\n\n\n<p>Durante su discurso, la candidata agreg\u00f3 que gobernar\u00e1 con humanismo, pues el camino ya est\u00e1 trazado y hay que acelerar la transformaci\u00f3n con un plan concreto qu\u00e9 en 6 a\u00f1os tenga un impacto directo,con acciones de beneficio com\u00fan.<\/p>\n\n\n\n<p>\u201cLa buena coordinaci\u00f3n con el Gobierno de M\u00e9xico, que encabezara Claudia Sheinbaum, nos ayudar\u00e1 a lograr todos los prop\u00f3sitos y proyectos\u201d.<\/p>\n\n\n\n<p>Adelant\u00f3 que en los municipios de Minatitl\u00e1n y Coatzacoalcos vendr\u00e1n importantes proyectos de infraestructura y desarrollo econ\u00f3mico, mediante ocho ejes de trabajo, sumado a los compromisos que integrar\u00e1n su gobierno.<\/p>\n\n\n\n<p>Es importante destacar que la alegr\u00eda de las batucadas y contingentes de Unidos Todos que dirige el maestro Eleazar Guerrero P\u00e9rez, candidato a diputado federal, dieron un toque distintivo al evento, con Miles de banderas movi\u00e9ndose al ritmo de la m\u00fasica y de los corazones de la militancia guinda.<\/p>\n\n\n\n<figure class=\"wp-block-image size-large\"><img loading=\"lazy\" decoding=\"async\" width=\"1024\" height=\"478\" src=\"https:\/\/encuentroinformativo.com.mx\/wp-content\/uploads\/2024\/03\/IMG-20240331-WA0074-1024x478.jpg\" alt=\"\" class=\"wp-image-52674\" srcset=\"https:\/\/encuentroinformativo.com.mx\/wp-content\/uploads\/2024\/03\/IMG-20240331-WA0074-1024x478.jpg 1024w, https:\/\/encuentroinformativo.com.mx\/wp-content\/uploads\/2024\/03\/IMG-20240331-WA0074-300x140.jpg 300w, https:\/\/encuentroinformativo.com.mx\/wp-content\/uploads\/2024\/03\/IMG-20240331-WA0074-768x359.jpg 768w, https:\/\/encuentroinformativo.com.mx\/wp-content\/uploads\/2024\/03\/IMG-20240331-WA0074-1536x717.jpg 1536w, https:\/\/encuentroinformativo.com.mx\/wp-content\/uploads\/2024\/03\/IMG-20240331-WA0074-2048x956.jpg 2048w\" sizes=\"auto, (max-width: 1024px) 100vw, 1024px\" \/><\/figure>\n","protected":false},"excerpt":{"rendered":"<p>*Miles de simpatizantes de Unidos Todos y militantes de Morena respaldaron las propuestas de la originaria de Coatzacoalcos. Veracruz, Ver.- Este d\u00eda la Candidata a la Gubernatura de Veracruz, Roc\u00edo Nahle Garc\u00eda arranc\u00f3 oficialmente su campa\u00f1a ante miles de simpatizantes en la macro plaza del puerto de Veracruz y asegur\u00f3 que juntos seguir\u00e1n haciendo historia [&hellip;]<\/p>\n","protected":false},"author":2476,"featured_media":52673,"comment_status":"open","ping_status":"open","sticky":false,"template":"","format":"standard","meta":{"_jetpack_memberships_contains_paid_content":false,"footnotes":""},"categories":[2],"tags":[],"class_list":["post-52672","post","type-post","status-publish","format-standard","has-post-thumbnail","hentry","category-estado"],"jetpack_featured_media_url":"https:\/\/encuentroinformativo.com.mx\/wp-content\/uploads\/2024\/03\/IMG-20240331-WA0096-scaled.jpg","jetpack_sharing_enabled":true,"jetpack_likes_enabled":true,"amp_enabled":true,"_links":{"self":[{"href":"https:\/\/encuentroinformativo.com.mx\/index.php?rest_route=\/wp\/v2\/posts\/52672","targetHints":{"allow":["GET"]}}],"collection":[{"href":"https:\/\/encuentroinformativo.com.mx\/index.php?rest_route=\/wp\/v2\/posts"}],"about":[{"href":"https:\/\/encuentroinformativo.com.mx\/index.php?rest_route=\/wp\/v2\/types\/post"}],"author":[{"embeddable":true,"href":"https:\/\/encuentroinformativo.com.mx\/index.php?rest_route=\/wp\/v2\/users\/2476"}],"replies":[{"embeddable":true,"href":"https:\/\/encuentroinformativo.com.mx\/index.php?rest_route=%2Fwp%2Fv2%2Fcomments&post=52672"}],"version-history":[{"count":1,"href":"https:\/\/encuentroinformativo.com.mx\/index.php?rest_route=\/wp\/v2\/posts\/52672\/revisions"}],"predecessor-version":[{"id":52675,"href":"https:\/\/encuentroinformativo.com.mx\/index.php?rest_route=\/wp\/v2\/posts\/52672\/revisions\/52675"}],"wp:featuredmedia":[{"embeddable":true,"href":"https:\/\/encuentroinformativo.com.mx\/index.php?rest_route=\/wp\/v2\/media\/52673"}],"wp:attachment":[{"href":"https:\/\/encuentroinformativo.com.mx\/index.php?rest_route=%2Fwp%2Fv2%2Fmedia&parent=52672"}],"wp:term":[{"taxonomy":"category","embeddable":true,"href":"https:\/\/encuentroinformativo.com.mx\/index.php?rest_route=%2Fwp%2Fv2%2Fcategories&post=52672"},{"taxonomy":"post_tag","embeddable":true,"href":"https:\/\/encuentroinformativo.com.mx\/index.php?rest_route=%2Fwp%2Fv2%2Ftags&post=52672"}],"curies":[{"name":"wp","href":"https:\/\/api.w.org\/{rel}","templated":true}]}}