{"id":52680,"date":"2024-04-01T12:25:22","date_gmt":"2024-04-01T18:25:22","guid":{"rendered":"https:\/\/encuentroinformativo.com.mx\/?p=52680"},"modified":"2024-04-01T12:25:29","modified_gmt":"2024-04-01T18:25:29","slug":"integran-expedientes-para-entregar-becas-a-familiares-de-personas-desaparecidas","status":"publish","type":"post","link":"https:\/\/encuentroinformativo.com.mx\/?p=52680","title":{"rendered":"Integran expedientes para entregar becas a familiares de personas desaparecidas"},"content":{"rendered":"\n<p><strong>Dar\u00edo Pale <\/strong><\/p>\n\n\n\n<p>Xalapa, Ver.- Sergio Ulises Montes Guzm\u00e1n Director General de Cultura de Paz y Derechos Humanos en Veracruz dio a conocer que, est\u00e1n concluyendo la integraci\u00f3n de los expedientes para hacer la entrega de becas a v\u00edctimas de desaparecidos o de feminicidio.<\/p>\n\n\n\n<p>En entrevista se\u00f1al\u00f3 que, actualmente est\u00e1n trabajando con la recepci\u00f3n de solicitudes para la beca especial para familiares de desaparecidos y temas de feminicidio las becas cerraron el d\u00eda 29 pero est\u00e1n cerrando todos los expedientes que llegaron de \u00faltima hora.<\/p>\n\n\n\n<p>Coment\u00f3 que esperan en esta semana concluir la integraci\u00f3n de todos los expedientes \u00a0para que a la brevedad posible la direcci\u00f3n general de becas pueda emitir los pagos correspondientes a los beneficiarios.<\/p>\n\n\n\n<p>Se\u00f1al\u00f3 que hasta el momento hab\u00edan registrado a 702 personas pero a\u00fan falta incrementar lo que lleg\u00f3 en los \u00faltimos d\u00edas, ya que recibieron de todo el estado y les podr\u00e1n dar el pago \u00fanico de 5 mil pesos, lo cual es un apoyo para que puedan pagar sus inscripciones, uniformes y \u00fatiles escolares.<\/p>\n\n\n\n<p>Los beneficiarios son b\u00e1sicamente los hijos de personas desaparecidas o v\u00edctimas de feminicidio, pero tambi\u00e9n pueden incluirse las esposas o personas que no sean los hijos pero que hayan tenido alguna dependencia econ\u00f3mica de la v\u00edctima.<\/p>\n\n\n\n<p>Finalmente dio a conocer que para evitar suspicacias por la entrega ser\u00e1 en el mes de mayo, aclar\u00f3 \u00a0que no siempre se hace en estas fechas, respetan la veda electoral pero las necesidades no conocen de tiempos electorales.<\/p>\n","protected":false},"excerpt":{"rendered":"<p>Dar\u00edo Pale Xalapa, Ver.- Sergio Ulises Montes Guzm\u00e1n Director General de Cultura de Paz y Derechos Humanos en Veracruz dio a conocer que, est\u00e1n concluyendo la integraci\u00f3n de los expedientes para hacer la entrega de becas a v\u00edctimas de desaparecidos o de feminicidio. En entrevista se\u00f1al\u00f3 que, actualmente est\u00e1n trabajando con la recepci\u00f3n de solicitudes [&hellip;]<\/p>\n","protected":false},"author":2476,"featured_media":52681,"comment_status":"open","ping_status":"open","sticky":false,"template":"","format":"standard","meta":{"_jetpack_memberships_contains_paid_content":false,"footnotes":""},"categories":[2],"tags":[],"class_list":["post-52680","post","type-post","status-publish","format-standard","has-post-thumbnail","hentry","category-estado"],"jetpack_featured_media_url":"https:\/\/encuentroinformativo.com.mx\/wp-content\/uploads\/2024\/04\/IMG-20240401-WA0016.jpg","jetpack_sharing_enabled":true,"jetpack_likes_enabled":true,"amp_enabled":true,"_links":{"self":[{"href":"https:\/\/encuentroinformativo.com.mx\/index.php?rest_route=\/wp\/v2\/posts\/52680","targetHints":{"allow":["GET"]}}],"collection":[{"href":"https:\/\/encuentroinformativo.com.mx\/index.php?rest_route=\/wp\/v2\/posts"}],"about":[{"href":"https:\/\/encuentroinformativo.com.mx\/index.php?rest_route=\/wp\/v2\/types\/post"}],"author":[{"embeddable":true,"href":"https:\/\/encuentroinformativo.com.mx\/index.php?rest_route=\/wp\/v2\/users\/2476"}],"replies":[{"embeddable":true,"href":"https:\/\/encuentroinformativo.com.mx\/index.php?rest_route=%2Fwp%2Fv2%2Fcomments&post=52680"}],"version-history":[{"count":1,"href":"https:\/\/encuentroinformativo.com.mx\/index.php?rest_route=\/wp\/v2\/posts\/52680\/revisions"}],"predecessor-version":[{"id":52682,"href":"https:\/\/encuentroinformativo.com.mx\/index.php?rest_route=\/wp\/v2\/posts\/52680\/revisions\/52682"}],"wp:featuredmedia":[{"embeddable":true,"href":"https:\/\/encuentroinformativo.com.mx\/index.php?rest_route=\/wp\/v2\/media\/52681"}],"wp:attachment":[{"href":"https:\/\/encuentroinformativo.com.mx\/index.php?rest_route=%2Fwp%2Fv2%2Fmedia&parent=52680"}],"wp:term":[{"taxonomy":"category","embeddable":true,"href":"https:\/\/encuentroinformativo.com.mx\/index.php?rest_route=%2Fwp%2Fv2%2Fcategories&post=52680"},{"taxonomy":"post_tag","embeddable":true,"href":"https:\/\/encuentroinformativo.com.mx\/index.php?rest_route=%2Fwp%2Fv2%2Ftags&post=52680"}],"curies":[{"name":"wp","href":"https:\/\/api.w.org\/{rel}","templated":true}]}}