{"id":52683,"date":"2024-04-01T12:33:54","date_gmt":"2024-04-01T18:33:54","guid":{"rendered":"https:\/\/encuentroinformativo.com.mx\/?p=52683"},"modified":"2024-04-01T12:35:06","modified_gmt":"2024-04-01T18:35:06","slug":"familiares-de-periodistas-asesinados-piden-audiencia-con-gobernador","status":"publish","type":"post","link":"https:\/\/encuentroinformativo.com.mx\/?p=52683","title":{"rendered":"Familiares de periodistas asesinados piden audiencia con Gobernador"},"content":{"rendered":"\n<p><strong>Dar\u00edo Pale <\/strong><\/p>\n\n\n\n<p>Xalapa, Ver.- Familiares de periodistas asesinados exigen audiencia a Gobernador, le recuerdan que les prometi\u00f3 una disculpa p\u00fablica a todos los familiares, as\u00ed lo dio a conocer la hija de la periodista asesinada Mar\u00eda Elena Ferral Hern\u00e1ndez.<\/p>\n\n\n\n<p>Entrevistada durante la manifestaci\u00f3n Mar\u00eda Fernanda de Luna Ferral, hija de la periodista Mar\u00eda Elena Ferral Hern\u00e1ndez, asesinada el 30 de marzo del 2020, llam\u00f3 al gobernador Cuitl\u00e1huac Garc\u00eda Jim\u00e9nez para que reciba a la Red de Periodistas de Memoria y Lucha de Periodistas Asesinados o Desaparecidos.<\/p>\n\n\n\n<p>Al protestar afuera de palacio de Gobierno, record\u00f3 que la Red de Periodistas se form\u00f3 ante la nula respuesta de los gobiernos respecto de las investigaciones de los comunicadores asesinados en Veracruz.&nbsp;<\/p>\n\n\n\n<p>&#8220;Nos reunimos hace un a\u00f1o con \u00e9l (Gobernador) como colectivo, como red, pero todas las promesas se quedaron en eso. Nos prometieron disculpas p\u00fablicas para todos y hasta el momento no nos las han dado&#8221;, se\u00f1al\u00f3.<\/p>\n\n\n\n<p>&#8220;Que nos reciba nuevamente, que nos escuche, en este pliego petitorio le queremos pedir a los candidatos a gobernador y a presidente de la Rep\u00fablica que voltee a ver los casos de los periodistas asesinados, queremos saber cu\u00e1les son sus propuestas para el gremio de los periodistas\u201d, agreg\u00f3.<\/p>\n\n\n\n<p>La Red de Periodistas est\u00e1 compuesta por 15 familias de comunicadores asesinados, pero ello no quiere decir que no luchar\u00e1n por lograr justicia para todos los dem\u00e1s que han sido asesinados o desaparecidos.<\/p>\n\n\n\n<p>La tambi\u00e9n comunicadora record\u00f3 que dicha cifra de 15 reporteros asesinados data de 2010 a la fecha y una gran mayor\u00eda de los casos est\u00e1 en la impunidad por la falta de una debida diligencia de las autoridades ministeriales.&nbsp;<\/p>\n\n\n\n<p>Finalmente en el caso de Mar\u00eda Elena, su hija record\u00f3 que la \u00faltima vez que tuvo una reuni\u00f3n con los fiscales fue hace un a\u00f1o, pero revel\u00f3 que sus abogados le renunciaron al ver que no habr\u00eda avances, por lo que asever\u00f3 que sus derechos como v\u00edctima est\u00e1n siendo violentados.<\/p>\n","protected":false},"excerpt":{"rendered":"<p>Dar\u00edo Pale Xalapa, Ver.- Familiares de periodistas asesinados exigen audiencia a Gobernador, le recuerdan que les prometi\u00f3 una disculpa p\u00fablica a todos los familiares, as\u00ed lo dio a conocer la hija de la periodista asesinada Mar\u00eda Elena Ferral Hern\u00e1ndez. Entrevistada durante la manifestaci\u00f3n Mar\u00eda Fernanda de Luna Ferral, hija de la periodista Mar\u00eda Elena Ferral [&hellip;]<\/p>\n","protected":false},"author":2476,"featured_media":52686,"comment_status":"open","ping_status":"open","sticky":false,"template":"","format":"standard","meta":{"_jetpack_memberships_contains_paid_content":false,"footnotes":""},"categories":[2],"tags":[],"class_list":["post-52683","post","type-post","status-publish","format-standard","has-post-thumbnail","hentry","category-estado"],"jetpack_featured_media_url":"https:\/\/encuentroinformativo.com.mx\/wp-content\/uploads\/2024\/04\/IMG-20240401-WA0024.jpg","jetpack_sharing_enabled":true,"jetpack_likes_enabled":true,"amp_enabled":true,"_links":{"self":[{"href":"https:\/\/encuentroinformativo.com.mx\/index.php?rest_route=\/wp\/v2\/posts\/52683","targetHints":{"allow":["GET"]}}],"collection":[{"href":"https:\/\/encuentroinformativo.com.mx\/index.php?rest_route=\/wp\/v2\/posts"}],"about":[{"href":"https:\/\/encuentroinformativo.com.mx\/index.php?rest_route=\/wp\/v2\/types\/post"}],"author":[{"embeddable":true,"href":"https:\/\/encuentroinformativo.com.mx\/index.php?rest_route=\/wp\/v2\/users\/2476"}],"replies":[{"embeddable":true,"href":"https:\/\/encuentroinformativo.com.mx\/index.php?rest_route=%2Fwp%2Fv2%2Fcomments&post=52683"}],"version-history":[{"count":2,"href":"https:\/\/encuentroinformativo.com.mx\/index.php?rest_route=\/wp\/v2\/posts\/52683\/revisions"}],"predecessor-version":[{"id":52687,"href":"https:\/\/encuentroinformativo.com.mx\/index.php?rest_route=\/wp\/v2\/posts\/52683\/revisions\/52687"}],"wp:featuredmedia":[{"embeddable":true,"href":"https:\/\/encuentroinformativo.com.mx\/index.php?rest_route=\/wp\/v2\/media\/52686"}],"wp:attachment":[{"href":"https:\/\/encuentroinformativo.com.mx\/index.php?rest_route=%2Fwp%2Fv2%2Fmedia&parent=52683"}],"wp:term":[{"taxonomy":"category","embeddable":true,"href":"https:\/\/encuentroinformativo.com.mx\/index.php?rest_route=%2Fwp%2Fv2%2Fcategories&post=52683"},{"taxonomy":"post_tag","embeddable":true,"href":"https:\/\/encuentroinformativo.com.mx\/index.php?rest_route=%2Fwp%2Fv2%2Ftags&post=52683"}],"curies":[{"name":"wp","href":"https:\/\/api.w.org\/{rel}","templated":true}]}}