{"id":52688,"date":"2024-04-01T12:44:45","date_gmt":"2024-04-01T18:44:45","guid":{"rendered":"https:\/\/encuentroinformativo.com.mx\/?p=52688"},"modified":"2024-04-01T12:44:51","modified_gmt":"2024-04-01T18:44:51","slug":"podria-caerse-caso-por-homicidio-de-maria-elena-ferral-acusa-su-hija","status":"publish","type":"post","link":"https:\/\/encuentroinformativo.com.mx\/?p=52688","title":{"rendered":"Podr\u00eda caerse caso por homicidio de Mar\u00eda Elena Ferral, acusa su hija"},"content":{"rendered":"\n<p><strong>Juan Arcos <\/strong><\/p>\n\n\n\n<p>Xalapa, Ver.- Integrantes de la Red en Memoria y Lucha de Periodistas Asesinados o Desaparecidos protestaron a un costado de Palacio de Gobierno, en la ciudad de Xalapa, en exigencia de justicia a cuatro a\u00f1os del asesinato de la periodista Mar\u00eda Elena Ferral Hern\u00e1ndez.<\/p>\n\n\n\n<p>Mar\u00eda Fernanda de Luna Ferral, hija de la reportera de Papantla, indic\u00f3 que a\u00fan hay \u00f3rdenes de aprehensi\u00f3n que deben ejecutarse para que avance la justicia en el caso.<\/p>\n\n\n\n<p>Tambi\u00e9n indic\u00f3 que el caso podr\u00eda \u201ccaerse\u201d a las autoridades, debido a que uno de los implicados fue liberado del penal de Papantla a finales de febrero pasado.<\/p>\n\n\n\n<p>Mar\u00eda Fernanda exigi\u00f3 justicia y seguridad para los periodistas en el estado de Veracruz, uno de los m\u00e1s peligrosos para ejercer periodismo.<\/p>\n\n\n\n<p>A pesar de las amenazas recibidas, sigue trabajando en su portal de noticias y exige que los candidatos pol\u00edticos se comprometan a proteger a los periodistas y sus familias.<\/p>\n\n\n\n<p>Tambi\u00e9n coment\u00f3 que se han incrementado las amenazas contra su familia, debido a que contin\u00faan en la exigencia de justicia por el asesinato de la periodista.<\/p>\n\n\n\n<p>Mar\u00eda Elena fue asesinada el 30 de marzo de 2020 en el municipio de Papantla, ubicado en la zona norte del estado de Veracruz, cuando hombres a bordo de una motocicleta la interceptaron y le dispararon a sangre fr\u00eda.<\/p>\n","protected":false},"excerpt":{"rendered":"<p>Juan Arcos Xalapa, Ver.- Integrantes de la Red en Memoria y Lucha de Periodistas Asesinados o Desaparecidos protestaron a un costado de Palacio de Gobierno, en la ciudad de Xalapa, en exigencia de justicia a cuatro a\u00f1os del asesinato de la periodista Mar\u00eda Elena Ferral Hern\u00e1ndez. Mar\u00eda Fernanda de Luna Ferral, hija de la reportera [&hellip;]<\/p>\n","protected":false},"author":2476,"featured_media":52689,"comment_status":"open","ping_status":"open","sticky":false,"template":"","format":"standard","meta":{"_jetpack_memberships_contains_paid_content":false,"footnotes":""},"categories":[2],"tags":[],"class_list":["post-52688","post","type-post","status-publish","format-standard","has-post-thumbnail","hentry","category-estado"],"jetpack_featured_media_url":"https:\/\/encuentroinformativo.com.mx\/wp-content\/uploads\/2024\/04\/IMG_2582.jpg","jetpack_sharing_enabled":true,"jetpack_likes_enabled":true,"amp_enabled":true,"_links":{"self":[{"href":"https:\/\/encuentroinformativo.com.mx\/index.php?rest_route=\/wp\/v2\/posts\/52688","targetHints":{"allow":["GET"]}}],"collection":[{"href":"https:\/\/encuentroinformativo.com.mx\/index.php?rest_route=\/wp\/v2\/posts"}],"about":[{"href":"https:\/\/encuentroinformativo.com.mx\/index.php?rest_route=\/wp\/v2\/types\/post"}],"author":[{"embeddable":true,"href":"https:\/\/encuentroinformativo.com.mx\/index.php?rest_route=\/wp\/v2\/users\/2476"}],"replies":[{"embeddable":true,"href":"https:\/\/encuentroinformativo.com.mx\/index.php?rest_route=%2Fwp%2Fv2%2Fcomments&post=52688"}],"version-history":[{"count":1,"href":"https:\/\/encuentroinformativo.com.mx\/index.php?rest_route=\/wp\/v2\/posts\/52688\/revisions"}],"predecessor-version":[{"id":52690,"href":"https:\/\/encuentroinformativo.com.mx\/index.php?rest_route=\/wp\/v2\/posts\/52688\/revisions\/52690"}],"wp:featuredmedia":[{"embeddable":true,"href":"https:\/\/encuentroinformativo.com.mx\/index.php?rest_route=\/wp\/v2\/media\/52689"}],"wp:attachment":[{"href":"https:\/\/encuentroinformativo.com.mx\/index.php?rest_route=%2Fwp%2Fv2%2Fmedia&parent=52688"}],"wp:term":[{"taxonomy":"category","embeddable":true,"href":"https:\/\/encuentroinformativo.com.mx\/index.php?rest_route=%2Fwp%2Fv2%2Fcategories&post=52688"},{"taxonomy":"post_tag","embeddable":true,"href":"https:\/\/encuentroinformativo.com.mx\/index.php?rest_route=%2Fwp%2Fv2%2Ftags&post=52688"}],"curies":[{"name":"wp","href":"https:\/\/api.w.org\/{rel}","templated":true}]}}