{"id":52691,"date":"2024-04-01T13:57:40","date_gmt":"2024-04-01T19:57:40","guid":{"rendered":"https:\/\/encuentroinformativo.com.mx\/?p=52691"},"modified":"2024-04-01T13:57:45","modified_gmt":"2024-04-01T19:57:45","slug":"espaldarazo-de-xochitl-a-americo","status":"publish","type":"post","link":"https:\/\/encuentroinformativo.com.mx\/?p=52691","title":{"rendered":"Espaldarazo de X\u00f3chitl a Am\u00e9rico"},"content":{"rendered":"\n<p>Xalapa, Ver.- La candidata de la coalici\u00f3n Fuerza y Coraz\u00f3n por M\u00e9xico a la presidencia de la Rep\u00fablica, X\u00f3chitl G\u00e1lvez Ruiz destac\u00f3 el trabajo de Am\u00e9rico Z\u00fa\u00f1iga Mart\u00ednez y resalt\u00f3 que su experiencia ser\u00e1 fundamental en la C\u00e1mara de Diputados.<\/p>\n\n\n\n<p>Durante una reuni\u00f3n que se llev\u00f3 a cabo en Dos R\u00edos, municipio de Emiliano Zapata y que congreg\u00f3 al candidato a gobernador Jos\u00e9 Francisco Yunes Zorrilla, la f\u00f3rmula al Senado, a las y los candidatos a las diputaciones federales, as\u00ed como a liderazgos de los tres partidos pol\u00edticos PRI, PAN y PRD, la abanderada reconoci\u00f3 la trayectoria del candidato a la diputaci\u00f3n federal por Xalapa.<\/p>\n\n\n\n<p>&#8220;Es un hombre que impulsa el deporte, que ya fue alcalde, que tiene experiencia y estoy segura que desde el Congreso me va a ayudar a que regrese de nuevo el Seguro Popular, a que mejoremos los programas para los j\u00f3venes, salud mental nos preocupa much\u00edsimo para ellos y, sobre todo, empleos para Veracruz&#8221;, expuso.<\/p>\n\n\n\n<p>MORENA SE VA, LOS PROGRAMAS SE QUEDAN<\/p>\n\n\n\n<p>Por su parte, Am\u00e9rico Z\u00fa\u00f1iga Mart\u00ednez expuso que en las colonias de Xalapa, Morena propaga la pol\u00edtica del terror. Les dicen a las y los xalape\u00f1os, que si no votan por ellos, los programas sociales desaparecer\u00e1n.<\/p>\n\n\n\n<p>El candidato de la coalici\u00f3n Fuerza y Coraz\u00f3n por M\u00e9xico fue claro al precisar que Morena se va, pero los programas sociales se quedan.<\/p>\n\n\n\n<p>&#8220;Recurren a la mentira, a sembrar el miedo, para pretender retener a los votantes. No lo hicieron con trabajo y ahora lo quieren hacer mediante el terror&#8221;, manifest\u00f3.<\/p>\n\n\n\n<p>El compromiso de X\u00f3chitl G\u00e1lvez es mantener y reforzar los programas sociales, puntualiz\u00f3 Z\u00fa\u00f1iga Mart\u00ednez.<\/p>\n\n\n\n<p>&#8220;Ella vot\u00f3 porque los programas sociales se incluyeran en la Constituci\u00f3n&#8221;, acot\u00f3.<\/p>\n\n\n\n<p>De manera que, subray\u00f3, desde la C\u00e1mara de Diputados va a respaldar que los programas sociales sigan llegando a millones de familias.<\/p>\n\n\n\n<p>&#8220;La propuesta es que la pensi\u00f3n de adultos mayores se otorgue a partir de los 60 a\u00f1os&#8221;, destac\u00f3 el candidato de la coalici\u00f3n Fuerza y Coraz\u00f3n por M\u00e9xico.<\/p>\n","protected":false},"excerpt":{"rendered":"<p>Xalapa, Ver.- La candidata de la coalici\u00f3n Fuerza y Coraz\u00f3n por M\u00e9xico a la presidencia de la Rep\u00fablica, X\u00f3chitl G\u00e1lvez Ruiz destac\u00f3 el trabajo de Am\u00e9rico Z\u00fa\u00f1iga Mart\u00ednez y resalt\u00f3 que su experiencia ser\u00e1 fundamental en la C\u00e1mara de Diputados. Durante una reuni\u00f3n que se llev\u00f3 a cabo en Dos R\u00edos, municipio de Emiliano Zapata [&hellip;]<\/p>\n","protected":false},"author":2476,"featured_media":52695,"comment_status":"open","ping_status":"open","sticky":false,"template":"","format":"standard","meta":{"_jetpack_memberships_contains_paid_content":false,"footnotes":""},"categories":[3],"tags":[],"class_list":["post-52691","post","type-post","status-publish","format-standard","has-post-thumbnail","hentry","category-xalapa"],"jetpack_featured_media_url":"https:\/\/encuentroinformativo.com.mx\/wp-content\/uploads\/2024\/04\/IMG-20240401-WA00343.jpg","jetpack_sharing_enabled":true,"jetpack_likes_enabled":true,"amp_enabled":true,"_links":{"self":[{"href":"https:\/\/encuentroinformativo.com.mx\/index.php?rest_route=\/wp\/v2\/posts\/52691","targetHints":{"allow":["GET"]}}],"collection":[{"href":"https:\/\/encuentroinformativo.com.mx\/index.php?rest_route=\/wp\/v2\/posts"}],"about":[{"href":"https:\/\/encuentroinformativo.com.mx\/index.php?rest_route=\/wp\/v2\/types\/post"}],"author":[{"embeddable":true,"href":"https:\/\/encuentroinformativo.com.mx\/index.php?rest_route=\/wp\/v2\/users\/2476"}],"replies":[{"embeddable":true,"href":"https:\/\/encuentroinformativo.com.mx\/index.php?rest_route=%2Fwp%2Fv2%2Fcomments&post=52691"}],"version-history":[{"count":1,"href":"https:\/\/encuentroinformativo.com.mx\/index.php?rest_route=\/wp\/v2\/posts\/52691\/revisions"}],"predecessor-version":[{"id":52693,"href":"https:\/\/encuentroinformativo.com.mx\/index.php?rest_route=\/wp\/v2\/posts\/52691\/revisions\/52693"}],"wp:featuredmedia":[{"embeddable":true,"href":"https:\/\/encuentroinformativo.com.mx\/index.php?rest_route=\/wp\/v2\/media\/52695"}],"wp:attachment":[{"href":"https:\/\/encuentroinformativo.com.mx\/index.php?rest_route=%2Fwp%2Fv2%2Fmedia&parent=52691"}],"wp:term":[{"taxonomy":"category","embeddable":true,"href":"https:\/\/encuentroinformativo.com.mx\/index.php?rest_route=%2Fwp%2Fv2%2Fcategories&post=52691"},{"taxonomy":"post_tag","embeddable":true,"href":"https:\/\/encuentroinformativo.com.mx\/index.php?rest_route=%2Fwp%2Fv2%2Ftags&post=52691"}],"curies":[{"name":"wp","href":"https:\/\/api.w.org\/{rel}","templated":true}]}}