{"id":52696,"date":"2024-04-01T14:05:08","date_gmt":"2024-04-01T20:05:08","guid":{"rendered":"https:\/\/encuentroinformativo.com.mx\/?p=52696"},"modified":"2024-04-01T14:05:13","modified_gmt":"2024-04-01T20:05:13","slug":"en-veracruz-repuntan-agresiones-contra-periodistas-articulo-19","status":"publish","type":"post","link":"https:\/\/encuentroinformativo.com.mx\/?p=52696","title":{"rendered":"En Veracruz, repuntan agresiones contra periodistas: Art\u00edculo 19"},"content":{"rendered":"\n<p><strong>Juan Arcos <\/strong><\/p>\n\n\n\n<p>Xalapa, Ver.- En Veracruz y el pa\u00eds incrementan las agresiones contra periodistas durante el proceso electoral y, por ello, es necesario que los comunicadores se sumen a las acciones de monitoreo.<\/p>\n\n\n\n<p>Noem\u00ed Pineda, investigadora de Protecci\u00f3n y Defensa de Art\u00edculo 19, quien est\u00e1 a cargo de la Red Rompe el Miedo que se activ\u00f3 desde el pasado 1 de marzo, para monitorear las agresiones durante el contexto electoral.<\/p>\n\n\n\n<p>Durante la protesta por los cuatro a\u00f1os del asesinato de la periodista Mar\u00eda Elena Ferral Hern\u00e1ndez, la entrevistada indic\u00f3 que se est\u00e1n emitiendo recomendaciones y protocolos de seguridad para las y los reporteros a nivel nacional.<\/p>\n\n\n\n<p>Art\u00edculo 19 ha registrado 31 casos de asesinatos de periodistas en Veracruz desde 2010, siendo el estado con m\u00e1s incidencias en el pa\u00eds.<br>Lo m\u00e1s grave es que en la entidad veracruzana se mantiene la impunidad en el 98 por ciento de los cr\u00edmenes de periodistas.<\/p>\n\n\n\n<p>Noem\u00ed Pineda enfatiz\u00f3 que las autoridades y fuerzas de seguridad son los principales agresores contra la prensa en el estado de Veracruz.<\/p>\n\n\n\n<p>\u201cSe ha activado la Red Rompe el Miedo para monitorear las agresiones durante el contexto electoral, y se est\u00e1n emitiendo recomendaciones y protocolos de seguridad para periodistas. Se prev\u00e9 un aumento de agresiones durante las elecciones y se invita a los medios a sumarse al monitoreo de agresiones\u201d, declar\u00f3.<\/p>\n","protected":false},"excerpt":{"rendered":"<p>Juan Arcos Xalapa, Ver.- En Veracruz y el pa\u00eds incrementan las agresiones contra periodistas durante el proceso electoral y, por ello, es necesario que los comunicadores se sumen a las acciones de monitoreo. Noem\u00ed Pineda, investigadora de Protecci\u00f3n y Defensa de Art\u00edculo 19, quien est\u00e1 a cargo de la Red Rompe el Miedo que se [&hellip;]<\/p>\n","protected":false},"author":2476,"featured_media":52697,"comment_status":"open","ping_status":"open","sticky":false,"template":"","format":"standard","meta":{"_jetpack_memberships_contains_paid_content":false,"footnotes":""},"categories":[2],"tags":[],"class_list":["post-52696","post","type-post","status-publish","format-standard","has-post-thumbnail","hentry","category-estado"],"jetpack_featured_media_url":"https:\/\/encuentroinformativo.com.mx\/wp-content\/uploads\/2024\/04\/IMG_2568.jpg","jetpack_sharing_enabled":true,"jetpack_likes_enabled":true,"amp_enabled":true,"_links":{"self":[{"href":"https:\/\/encuentroinformativo.com.mx\/index.php?rest_route=\/wp\/v2\/posts\/52696","targetHints":{"allow":["GET"]}}],"collection":[{"href":"https:\/\/encuentroinformativo.com.mx\/index.php?rest_route=\/wp\/v2\/posts"}],"about":[{"href":"https:\/\/encuentroinformativo.com.mx\/index.php?rest_route=\/wp\/v2\/types\/post"}],"author":[{"embeddable":true,"href":"https:\/\/encuentroinformativo.com.mx\/index.php?rest_route=\/wp\/v2\/users\/2476"}],"replies":[{"embeddable":true,"href":"https:\/\/encuentroinformativo.com.mx\/index.php?rest_route=%2Fwp%2Fv2%2Fcomments&post=52696"}],"version-history":[{"count":1,"href":"https:\/\/encuentroinformativo.com.mx\/index.php?rest_route=\/wp\/v2\/posts\/52696\/revisions"}],"predecessor-version":[{"id":52698,"href":"https:\/\/encuentroinformativo.com.mx\/index.php?rest_route=\/wp\/v2\/posts\/52696\/revisions\/52698"}],"wp:featuredmedia":[{"embeddable":true,"href":"https:\/\/encuentroinformativo.com.mx\/index.php?rest_route=\/wp\/v2\/media\/52697"}],"wp:attachment":[{"href":"https:\/\/encuentroinformativo.com.mx\/index.php?rest_route=%2Fwp%2Fv2%2Fmedia&parent=52696"}],"wp:term":[{"taxonomy":"category","embeddable":true,"href":"https:\/\/encuentroinformativo.com.mx\/index.php?rest_route=%2Fwp%2Fv2%2Fcategories&post=52696"},{"taxonomy":"post_tag","embeddable":true,"href":"https:\/\/encuentroinformativo.com.mx\/index.php?rest_route=%2Fwp%2Fv2%2Ftags&post=52696"}],"curies":[{"name":"wp","href":"https:\/\/api.w.org\/{rel}","templated":true}]}}