{"id":52699,"date":"2024-04-01T14:28:23","date_gmt":"2024-04-01T20:28:23","guid":{"rendered":"https:\/\/encuentroinformativo.com.mx\/?p=52699"},"modified":"2024-04-01T14:28:29","modified_gmt":"2024-04-01T20:28:29","slug":"van-7-crimenes-de-odio-en-veracruz","status":"publish","type":"post","link":"https:\/\/encuentroinformativo.com.mx\/?p=52699","title":{"rendered":"Van 7 cr\u00edmenes de odio en Veracruz"},"content":{"rendered":"\n<p><strong>Juan Arcos <\/strong><\/p>\n\n\n\n<p>Xalapa, Ver.- Al menos siete cr\u00edmenes de odio por homofobia se contabilizaron en el estado de Veracruz durante el primer trimestre de este a\u00f1o.<\/p>\n\n\n\n<p>As\u00ed lo dio a conocer el presidente de la asociaci\u00f3n civil \u201cOrgullo Xalapa\u201d, Leonardo Ruiz Moreno, quien a\u00f1adi\u00f3 que estas cifras contin\u00faan siendo alarmantes en la entidad.<\/p>\n\n\n\n<p>La ma\u00f1ana de este lunes 1 de abril, integrantes de la comunidad diversa se concentraron en el Memorial de V\u00edctimas LGBTIQ+, ubicado frente al pante\u00f3n Palo Verde, sobre la avenida 20 de noviembre de esta ciudad de Xalapa, donde entregaron una ofrenda floral.<\/p>\n\n\n\n<p>\u201cAyer 31 fue D\u00eda Internacional de la Visibilidad Trans, ellas son las pioneras de la lucha y hoy lo hacemos hoy, d\u00e1ndole voz y visibilidad a quienes ya no est\u00e1n y es importante mencionar que van siete cr\u00edmenes, se est\u00e1n perdiendo carpetas y evidencias\u201d.<\/p>\n\n\n\n<p>Record\u00f3 que el 31 de marzo se conmemor\u00f3 el D\u00eda Internacional de la Visibilidad Trans para dar a conocer que persiste la discriminaci\u00f3n contra este sector de la poblaci\u00f3n.<\/p>\n\n\n\n<p>\u201cEs por motivo de la visibilidad trans; hace tres a\u00f1os se logr\u00f3 poner el memorial para v\u00edctimas LGBT fobia y este lunes se hizo una ofrenda por las v\u00edctimas y recordarle al Estado que quedan pendientes iniciativas para las poblaciones trans\u201d, afirm\u00f3.<\/p>\n","protected":false},"excerpt":{"rendered":"<p>Juan Arcos Xalapa, Ver.- Al menos siete cr\u00edmenes de odio por homofobia se contabilizaron en el estado de Veracruz durante el primer trimestre de este a\u00f1o. As\u00ed lo dio a conocer el presidente de la asociaci\u00f3n civil \u201cOrgullo Xalapa\u201d, Leonardo Ruiz Moreno, quien a\u00f1adi\u00f3 que estas cifras contin\u00faan siendo alarmantes en la entidad. La ma\u00f1ana [&hellip;]<\/p>\n","protected":false},"author":2476,"featured_media":52700,"comment_status":"open","ping_status":"open","sticky":false,"template":"","format":"standard","meta":{"_jetpack_memberships_contains_paid_content":false,"footnotes":""},"categories":[2],"tags":[],"class_list":["post-52699","post","type-post","status-publish","format-standard","has-post-thumbnail","hentry","category-estado"],"jetpack_featured_media_url":"https:\/\/encuentroinformativo.com.mx\/wp-content\/uploads\/2024\/04\/59a62e62-5280-4b8c-b2e5-be9480b9beed.jpg","jetpack_sharing_enabled":true,"jetpack_likes_enabled":true,"amp_enabled":true,"_links":{"self":[{"href":"https:\/\/encuentroinformativo.com.mx\/index.php?rest_route=\/wp\/v2\/posts\/52699","targetHints":{"allow":["GET"]}}],"collection":[{"href":"https:\/\/encuentroinformativo.com.mx\/index.php?rest_route=\/wp\/v2\/posts"}],"about":[{"href":"https:\/\/encuentroinformativo.com.mx\/index.php?rest_route=\/wp\/v2\/types\/post"}],"author":[{"embeddable":true,"href":"https:\/\/encuentroinformativo.com.mx\/index.php?rest_route=\/wp\/v2\/users\/2476"}],"replies":[{"embeddable":true,"href":"https:\/\/encuentroinformativo.com.mx\/index.php?rest_route=%2Fwp%2Fv2%2Fcomments&post=52699"}],"version-history":[{"count":1,"href":"https:\/\/encuentroinformativo.com.mx\/index.php?rest_route=\/wp\/v2\/posts\/52699\/revisions"}],"predecessor-version":[{"id":52701,"href":"https:\/\/encuentroinformativo.com.mx\/index.php?rest_route=\/wp\/v2\/posts\/52699\/revisions\/52701"}],"wp:featuredmedia":[{"embeddable":true,"href":"https:\/\/encuentroinformativo.com.mx\/index.php?rest_route=\/wp\/v2\/media\/52700"}],"wp:attachment":[{"href":"https:\/\/encuentroinformativo.com.mx\/index.php?rest_route=%2Fwp%2Fv2%2Fmedia&parent=52699"}],"wp:term":[{"taxonomy":"category","embeddable":true,"href":"https:\/\/encuentroinformativo.com.mx\/index.php?rest_route=%2Fwp%2Fv2%2Fcategories&post=52699"},{"taxonomy":"post_tag","embeddable":true,"href":"https:\/\/encuentroinformativo.com.mx\/index.php?rest_route=%2Fwp%2Fv2%2Ftags&post=52699"}],"curies":[{"name":"wp","href":"https:\/\/api.w.org\/{rel}","templated":true}]}}