{"id":52702,"date":"2024-04-01T15:43:17","date_gmt":"2024-04-01T21:43:17","guid":{"rendered":"https:\/\/encuentroinformativo.com.mx\/?p=52702"},"modified":"2024-04-01T15:43:23","modified_gmt":"2024-04-01T21:43:23","slug":"agresion-en-castillo-de-teayo-fue-ataque-directo-gobernador","status":"publish","type":"post","link":"https:\/\/encuentroinformativo.com.mx\/?p=52702","title":{"rendered":"Agresi\u00f3n en Castillo de Teayo, fue ataque directo: Gobernador"},"content":{"rendered":"\n<p><strong>Dar\u00edo Pale <\/strong><\/p>\n\n\n\n<p>Xalapa, Ver.- Ataque fue directo contra Sa\u00fal \u201cN\u201d en Castillo de Teayo, no contra poblaci\u00f3n, adem\u00e1s coment\u00f3 que solo hubo 16 viviendas afectadas por los incendios en la zona centro, as\u00ed lo dio a conocer el gobernador Cuitl\u00e1huac Garc\u00eda Jim\u00e9nez.<\/p>\n\n\n\n<p>En conferencia de prensa se\u00f1al\u00f3 que despu\u00e9s del asesinato de exregidor del ayuntamiento de Castillo de Teayo, Sa\u00fal \u201cN\u201d y dos personas m\u00e1s, asegur\u00f3 que no se trat\u00f3 de un ataque directo a la poblaci\u00f3n o alguien al azar, sino se trat\u00f3 de un ataque muy bien dirigido al exfuncionario municipal, por sus actividades il\u00edcitas.\u00a0<\/p>\n\n\n\n<p>Hay que recordar que los hechos ocurrieron la noche de este domingo en el centro de Castillo de Teayo, en donde perdieron la vida Sa\u00fal \u201cN\u201d, Javier \u201cN\u201d y Alfredo \u201cN\u201d, \u00e9stos dos \u00faltimos sobrinos del exregidor panista.\u00a0<\/p>\n\n\n\n<p>El ejecutivo difundi\u00f3 que Sa\u00fal \u201cN\u201d llevaba a cabo actividades il\u00edcitas, pero la Fiscal\u00eda General del Estado sigue dos l\u00edneas de investigaci\u00f3n, indic\u00f3 que la Polic\u00eda Estatal coordin\u00f3 el operativo de b\u00fasqueda de los presuntos responsables, pero aclar\u00f3 que los primeros respondientes fueron los elementos de la Polic\u00eda Municipal.\u00a0<\/p>\n\n\n\n<p>Sa\u00fal N y sus dos sobrinos viajaban a bordo de una camioneta Ford Lobo cuando circulaban por la calle principal, ah\u00ed llegaron sujetos a dispararles, por lo que de inmediato llegaron elementos de las polic\u00edas Municipal y Estatal, del Ej\u00e9rcito Mexicano y Guardia Nacional.<\/p>\n\n\n\n<p><strong>Afectaciones Incendios <\/strong><\/p>\n\n\n\n<p>En otro orden de ideas en cuanto a los incendios coment\u00f3 que, derivado de los graves incendios en varios municipios de la zona centro del Estado, asegur\u00f3 que solamente se afectaron 10 viviendas en total, m\u00e1s los patios de seis personas en el municipio de Huiloapan de Cuauht\u00e9moc.<\/p>\n\n\n\n<p>Sostuvo que a esas 10 personas que perdieron sus viviendas ya se les atendi\u00f3 y a las otras seis se les va a ayudar \u201cun poquito\u201d porque son personas muy humildes.\u00a0<\/p>\n\n\n\n<p>Hay que recordar que oficialmente se inform\u00f3 que en el pol\u00edgono Maltrata &#8211; Nogales se estim\u00f3 una superficie afectada de 1600 hect\u00e1reas, en tanto que en el pol\u00edgono Huiloapan &#8211; Mendoza habr\u00eda una superficie afectada estimada en 680 hect\u00e1reas.\u00a0<\/p>\n\n\n\n<p>Para este 1 de abril el Equipo de Manejo de Incidente (EMI), defini\u00f3 que el incendio de Huiloapan \u2013 Mendoza ya fue liquidado, por lo que la atenci\u00f3n se enfoca en el \u00faltimo pol\u00edgono de Maltrata \u2013 Nogales \u2013 Acultzingo.<\/p>\n\n\n\n<p>Finalmente dio a conocer que hasta este domingo, 482 elementos estaban concentrados en la Divisi\u00f3n Alfa, quienes se sumaron a las labores de combate al fuego, con el apoyo de 97 descargas a\u00e9reas de las tres aeronaves presentes.<\/p>\n","protected":false},"excerpt":{"rendered":"<p>Dar\u00edo Pale Xalapa, Ver.- Ataque fue directo contra Sa\u00fal \u201cN\u201d en Castillo de Teayo, no contra poblaci\u00f3n, adem\u00e1s coment\u00f3 que solo hubo 16 viviendas afectadas por los incendios en la zona centro, as\u00ed lo dio a conocer el gobernador Cuitl\u00e1huac Garc\u00eda Jim\u00e9nez. En conferencia de prensa se\u00f1al\u00f3 que despu\u00e9s del asesinato de exregidor del ayuntamiento [&hellip;]<\/p>\n","protected":false},"author":2476,"featured_media":52703,"comment_status":"open","ping_status":"open","sticky":false,"template":"","format":"standard","meta":{"_jetpack_memberships_contains_paid_content":false,"footnotes":""},"categories":[2],"tags":[],"class_list":["post-52702","post","type-post","status-publish","format-standard","has-post-thumbnail","hentry","category-estado"],"jetpack_featured_media_url":"https:\/\/encuentroinformativo.com.mx\/wp-content\/uploads\/2024\/04\/IMG-20240401-WA00512.jpg","jetpack_sharing_enabled":true,"jetpack_likes_enabled":true,"amp_enabled":true,"_links":{"self":[{"href":"https:\/\/encuentroinformativo.com.mx\/index.php?rest_route=\/wp\/v2\/posts\/52702","targetHints":{"allow":["GET"]}}],"collection":[{"href":"https:\/\/encuentroinformativo.com.mx\/index.php?rest_route=\/wp\/v2\/posts"}],"about":[{"href":"https:\/\/encuentroinformativo.com.mx\/index.php?rest_route=\/wp\/v2\/types\/post"}],"author":[{"embeddable":true,"href":"https:\/\/encuentroinformativo.com.mx\/index.php?rest_route=\/wp\/v2\/users\/2476"}],"replies":[{"embeddable":true,"href":"https:\/\/encuentroinformativo.com.mx\/index.php?rest_route=%2Fwp%2Fv2%2Fcomments&post=52702"}],"version-history":[{"count":1,"href":"https:\/\/encuentroinformativo.com.mx\/index.php?rest_route=\/wp\/v2\/posts\/52702\/revisions"}],"predecessor-version":[{"id":52704,"href":"https:\/\/encuentroinformativo.com.mx\/index.php?rest_route=\/wp\/v2\/posts\/52702\/revisions\/52704"}],"wp:featuredmedia":[{"embeddable":true,"href":"https:\/\/encuentroinformativo.com.mx\/index.php?rest_route=\/wp\/v2\/media\/52703"}],"wp:attachment":[{"href":"https:\/\/encuentroinformativo.com.mx\/index.php?rest_route=%2Fwp%2Fv2%2Fmedia&parent=52702"}],"wp:term":[{"taxonomy":"category","embeddable":true,"href":"https:\/\/encuentroinformativo.com.mx\/index.php?rest_route=%2Fwp%2Fv2%2Fcategories&post=52702"},{"taxonomy":"post_tag","embeddable":true,"href":"https:\/\/encuentroinformativo.com.mx\/index.php?rest_route=%2Fwp%2Fv2%2Ftags&post=52702"}],"curies":[{"name":"wp","href":"https:\/\/api.w.org\/{rel}","templated":true}]}}