{"id":52711,"date":"2024-04-01T17:24:18","date_gmt":"2024-04-01T23:24:18","guid":{"rendered":"https:\/\/encuentroinformativo.com.mx\/?p=52711"},"modified":"2024-04-01T17:24:24","modified_gmt":"2024-04-01T23:24:24","slug":"duarte-financio-campanas-de-morena-mayl","status":"publish","type":"post","link":"https:\/\/encuentroinformativo.com.mx\/?p=52711","title":{"rendered":"Duarte financi\u00f3 campa\u00f1as de Morena: MAYL"},"content":{"rendered":"\n<p><strong>Alejandro \u00c1vila<\/strong><\/p>\n\n\n\n<p>Boca del R\u00edo, Ver.- El exgobernador de Veracruz, Miguel \u00c1ngel Yunes Linares, recalc\u00f3 que con los posteos en redes sociales, ha quedado claro que Javier Duarte de Ochoa siempre estuvo apoyando al partido Morena.<\/p>\n\n\n\n<p>El panista record\u00f3 que en 2018 denunci\u00f3 esta situaci\u00f3n e incluso, ret\u00f3 en su momento al ahora presidente, Andr\u00e9s Manuel L\u00f3pez Obrador, cuando era candidato, para comprobarle sus se\u00f1alamientos.<\/p>\n\n\n\n<p>&#8220;Sab\u00eda desde mucho tiempo atr\u00e1s que Duarte apoyaba a Morena, yo lo declar\u00e9 en la campa\u00f1a de L\u00f3pez Obrador, Duarte financi\u00f3 la campa\u00f1a de L\u00f3pez Obrador, financi\u00f3 la campa\u00f1a de Cuitl\u00e1huac, dio millones de pesos para las campa\u00f1as, yo lo dije, y ret\u00e9 a L\u00f3pez Obrador a debate para comprob\u00e1rselo en la plaza p\u00fablica. Hoy queda muy claro con las actuaciones de Duarte que siempre ha apoyado a Morena&#8221;, sentenci\u00f3.<\/p>\n\n\n\n<p>Finalmente, acus\u00f3 al presidente, Andr\u00e9s Manuel L\u00f3pez Obrador, de de mentir en materia de seguridad, y lament\u00f3 que M\u00e9xico se encuentre en el primer lugar a nivel mundial en \u00edndices de delitos de la delincuencia organizada.<\/p>\n","protected":false},"excerpt":{"rendered":"<p>Alejandro \u00c1vila Boca del R\u00edo, Ver.- El exgobernador de Veracruz, Miguel \u00c1ngel Yunes Linares, recalc\u00f3 que con los posteos en redes sociales, ha quedado claro que Javier Duarte de Ochoa siempre estuvo apoyando al partido Morena. El panista record\u00f3 que en 2018 denunci\u00f3 esta situaci\u00f3n e incluso, ret\u00f3 en su momento al ahora presidente, Andr\u00e9s [&hellip;]<\/p>\n","protected":false},"author":2476,"featured_media":52712,"comment_status":"open","ping_status":"open","sticky":false,"template":"","format":"standard","meta":{"_jetpack_memberships_contains_paid_content":false,"footnotes":""},"categories":[2],"tags":[],"class_list":["post-52711","post","type-post","status-publish","format-standard","has-post-thumbnail","hentry","category-estado"],"jetpack_featured_media_url":"https:\/\/encuentroinformativo.com.mx\/wp-content\/uploads\/2024\/04\/IMG-20240401-WA00672.jpg","jetpack_sharing_enabled":true,"jetpack_likes_enabled":true,"amp_enabled":true,"_links":{"self":[{"href":"https:\/\/encuentroinformativo.com.mx\/index.php?rest_route=\/wp\/v2\/posts\/52711","targetHints":{"allow":["GET"]}}],"collection":[{"href":"https:\/\/encuentroinformativo.com.mx\/index.php?rest_route=\/wp\/v2\/posts"}],"about":[{"href":"https:\/\/encuentroinformativo.com.mx\/index.php?rest_route=\/wp\/v2\/types\/post"}],"author":[{"embeddable":true,"href":"https:\/\/encuentroinformativo.com.mx\/index.php?rest_route=\/wp\/v2\/users\/2476"}],"replies":[{"embeddable":true,"href":"https:\/\/encuentroinformativo.com.mx\/index.php?rest_route=%2Fwp%2Fv2%2Fcomments&post=52711"}],"version-history":[{"count":1,"href":"https:\/\/encuentroinformativo.com.mx\/index.php?rest_route=\/wp\/v2\/posts\/52711\/revisions"}],"predecessor-version":[{"id":52713,"href":"https:\/\/encuentroinformativo.com.mx\/index.php?rest_route=\/wp\/v2\/posts\/52711\/revisions\/52713"}],"wp:featuredmedia":[{"embeddable":true,"href":"https:\/\/encuentroinformativo.com.mx\/index.php?rest_route=\/wp\/v2\/media\/52712"}],"wp:attachment":[{"href":"https:\/\/encuentroinformativo.com.mx\/index.php?rest_route=%2Fwp%2Fv2%2Fmedia&parent=52711"}],"wp:term":[{"taxonomy":"category","embeddable":true,"href":"https:\/\/encuentroinformativo.com.mx\/index.php?rest_route=%2Fwp%2Fv2%2Fcategories&post=52711"},{"taxonomy":"post_tag","embeddable":true,"href":"https:\/\/encuentroinformativo.com.mx\/index.php?rest_route=%2Fwp%2Fv2%2Ftags&post=52711"}],"curies":[{"name":"wp","href":"https:\/\/api.w.org\/{rel}","templated":true}]}}