{"id":52717,"date":"2024-04-01T17:30:05","date_gmt":"2024-04-01T23:30:05","guid":{"rendered":"https:\/\/encuentroinformativo.com.mx\/?p=52717"},"modified":"2024-04-01T17:30:14","modified_gmt":"2024-04-01T23:30:14","slug":"imperdonable-el-abandono-de-carreteras-en-veracruz-pepe-yunes","status":"publish","type":"post","link":"https:\/\/encuentroinformativo.com.mx\/?p=52717","title":{"rendered":"Imperdonable el abandono de carreteras en Veracruz: Pepe Yunes"},"content":{"rendered":"\n<p><strong>Alejandro \u00c1vila<\/strong><\/p>\n\n\n\n<p>Boca del R\u00edo, Ver.- El abandono a las carreteras de la entidad veracruzana es imperdonable, asest\u00f3 el candidato a la gubernatura de Veracruz, Jos\u00e9 Francisco Yunes Zorrilla.<\/p>\n\n\n\n<p>Pepe record\u00f3 que las carreteras tienen cerca de 40 a\u00f1os que fueron mejoradas, pero el mantenimiento debe de ser constante, pues es un motor de la econom\u00eda al trasladar a turistas y, a los productores primarios.<\/p>\n\n\n\n<p>Al acompa\u00f1ar a X\u00f3chitl G\u00e1lvez en la presentaci\u00f3n de las Propuestas en Infraestructura para Veracruz, resalt\u00f3 que se requiere una coordinaci\u00f3n cercana con el gobierno federal para mejorar las condiciones de las carreteras de Veracruz.<\/p>\n\n\n\n<p>&#8220;Veracruz est\u00e1 transitando por carreteras federales que se construyeron y en el mejor de los casos se ampliaron hace 40 a\u00f1os cuando hay mucho m\u00e1s flujo de tr\u00e1nsito, m\u00e1s volumen de mercanc\u00eda, cuando la potencialidad econ\u00f3mica del estado requiere todos los d\u00edas m\u00e1s carreteras&#8221;, dijo.<\/p>\n\n\n\n<p>Lament\u00f3 que el mantenimiento y mejora de las v\u00edas de comunicaci\u00f3n de Veracruz, sea uno de los principales fracasos de la actual administraci\u00f3n estatal.<\/p>\n\n\n\n<p>&#8220;Despu\u00e9s de 5 a\u00f1os de abandono, del peor gobierno en la historia de Veracruz en todos los \u00f3rdenes, pero el de la infraestructura a partir del primero de diciembre, habr\u00e1 acciones concretas que permitan recuperar el rezago carretero, el abandono en infraestructura en el que est\u00e1 sumido Veracruz\u201d, finaliz\u00f3.<\/p>\n","protected":false},"excerpt":{"rendered":"<p>Alejandro \u00c1vila Boca del R\u00edo, Ver.- El abandono a las carreteras de la entidad veracruzana es imperdonable, asest\u00f3 el candidato a la gubernatura de Veracruz, Jos\u00e9 Francisco Yunes Zorrilla. Pepe record\u00f3 que las carreteras tienen cerca de 40 a\u00f1os que fueron mejoradas, pero el mantenimiento debe de ser constante, pues es un motor de la [&hellip;]<\/p>\n","protected":false},"author":2476,"featured_media":52718,"comment_status":"open","ping_status":"open","sticky":false,"template":"","format":"standard","meta":{"_jetpack_memberships_contains_paid_content":false,"footnotes":""},"categories":[2],"tags":[],"class_list":["post-52717","post","type-post","status-publish","format-standard","has-post-thumbnail","hentry","category-estado"],"jetpack_featured_media_url":"https:\/\/encuentroinformativo.com.mx\/wp-content\/uploads\/2024\/04\/IMG-20240401-WA00682.jpg","jetpack_sharing_enabled":true,"jetpack_likes_enabled":true,"amp_enabled":true,"_links":{"self":[{"href":"https:\/\/encuentroinformativo.com.mx\/index.php?rest_route=\/wp\/v2\/posts\/52717","targetHints":{"allow":["GET"]}}],"collection":[{"href":"https:\/\/encuentroinformativo.com.mx\/index.php?rest_route=\/wp\/v2\/posts"}],"about":[{"href":"https:\/\/encuentroinformativo.com.mx\/index.php?rest_route=\/wp\/v2\/types\/post"}],"author":[{"embeddable":true,"href":"https:\/\/encuentroinformativo.com.mx\/index.php?rest_route=\/wp\/v2\/users\/2476"}],"replies":[{"embeddable":true,"href":"https:\/\/encuentroinformativo.com.mx\/index.php?rest_route=%2Fwp%2Fv2%2Fcomments&post=52717"}],"version-history":[{"count":1,"href":"https:\/\/encuentroinformativo.com.mx\/index.php?rest_route=\/wp\/v2\/posts\/52717\/revisions"}],"predecessor-version":[{"id":52719,"href":"https:\/\/encuentroinformativo.com.mx\/index.php?rest_route=\/wp\/v2\/posts\/52717\/revisions\/52719"}],"wp:featuredmedia":[{"embeddable":true,"href":"https:\/\/encuentroinformativo.com.mx\/index.php?rest_route=\/wp\/v2\/media\/52718"}],"wp:attachment":[{"href":"https:\/\/encuentroinformativo.com.mx\/index.php?rest_route=%2Fwp%2Fv2%2Fmedia&parent=52717"}],"wp:term":[{"taxonomy":"category","embeddable":true,"href":"https:\/\/encuentroinformativo.com.mx\/index.php?rest_route=%2Fwp%2Fv2%2Fcategories&post=52717"},{"taxonomy":"post_tag","embeddable":true,"href":"https:\/\/encuentroinformativo.com.mx\/index.php?rest_route=%2Fwp%2Fv2%2Ftags&post=52717"}],"curies":[{"name":"wp","href":"https:\/\/api.w.org\/{rel}","templated":true}]}}