{"id":52745,"date":"2024-04-02T13:40:24","date_gmt":"2024-04-02T19:40:24","guid":{"rendered":"https:\/\/encuentroinformativo.com.mx\/?p=52745"},"modified":"2024-04-02T13:41:43","modified_gmt":"2024-04-02T19:41:43","slug":"piden-a-organos-electorales-promover-que-programas-sociales-son-ajenos-a-partidos-politicos","status":"publish","type":"post","link":"https:\/\/encuentroinformativo.com.mx\/?p=52745","title":{"rendered":"Piden a \u00f3rganos electorales promover que programas sociales son ajenos a partidos pol\u00edticos"},"content":{"rendered":"\n<p><strong>Dar\u00edo Pale <\/strong><\/p>\n\n\n\n<p>Xalapa, Ver.- Hace un llamado al OPLE y al INE a que pongan en marcha una campa\u00f1a para que la gente sepa que los programas de apoyo social no se les van a quitar si hay cambio de partido en el Gobierno, as\u00ed lo dio a conocer el candidato a la diputaci\u00f3n federal por el distrito de Xalapa, Am\u00e9rico Z\u00fa\u00f1iga Mart\u00ednez.<\/p>\n\n\n\n<p>En entrevista, el candidato de la coalici\u00f3n Fuerza y Coraz\u00f3n por Veracruz, afirm\u00f3 que el representante ante el \u00f3rgano electoral local y federal, han hecho las solicitudes formales.<\/p>\n\n\n\n<p>Indic\u00f3 que durante sus recorridos la gente le ha preguntado si les van a quitar los apoyos sociales si votan por la coalici\u00f3n que representa y les ha dicho que es &#8220;una gran mentira&#8221;.<\/p>\n\n\n\n<p>&#8220;Cuando hablamos de un gobierno de verdad como lo est\u00e1 exclamando Pepe Yunes, estamos hablando de que se requiere hablar con la verdad y decirles que con Pepe vamos a servirle a todos, no s\u00f3lo los que votan por nosotros&#8221;, se\u00f1al\u00f3.<\/p>\n\n\n\n<p>&#8220;Cuando uno es representante popular es para todos, dejar de polarizar, de enfrentar a los ciudadanos es el gran reto de los representantes populares&#8221;, agreg\u00f3.<\/p>\n\n\n\n<p>Finalmente Am\u00e9rico Z\u00fa\u00f1iga resalt\u00f3 que los programas sociales no se van a quitar, est\u00e1n blindados constitucionalmente y, prometi\u00f3 que habr\u00e1 programas estatales porque en la presente administraci\u00f3n no est\u00e1 brindando apoyos.<\/p>\n","protected":false},"excerpt":{"rendered":"<p>Dar\u00edo Pale Xalapa, Ver.- Hace un llamado al OPLE y al INE a que pongan en marcha una campa\u00f1a para que la gente sepa que los programas de apoyo social no se les van a quitar si hay cambio de partido en el Gobierno, as\u00ed lo dio a conocer el candidato a la diputaci\u00f3n federal [&hellip;]<\/p>\n","protected":false},"author":2476,"featured_media":52748,"comment_status":"open","ping_status":"open","sticky":false,"template":"","format":"standard","meta":{"_jetpack_memberships_contains_paid_content":false,"footnotes":""},"categories":[3],"tags":[],"class_list":["post-52745","post","type-post","status-publish","format-standard","has-post-thumbnail","hentry","category-xalapa"],"jetpack_featured_media_url":"https:\/\/encuentroinformativo.com.mx\/wp-content\/uploads\/2024\/04\/IMG-20240402-WA00383.jpg","jetpack_sharing_enabled":true,"jetpack_likes_enabled":true,"amp_enabled":true,"_links":{"self":[{"href":"https:\/\/encuentroinformativo.com.mx\/index.php?rest_route=\/wp\/v2\/posts\/52745","targetHints":{"allow":["GET"]}}],"collection":[{"href":"https:\/\/encuentroinformativo.com.mx\/index.php?rest_route=\/wp\/v2\/posts"}],"about":[{"href":"https:\/\/encuentroinformativo.com.mx\/index.php?rest_route=\/wp\/v2\/types\/post"}],"author":[{"embeddable":true,"href":"https:\/\/encuentroinformativo.com.mx\/index.php?rest_route=\/wp\/v2\/users\/2476"}],"replies":[{"embeddable":true,"href":"https:\/\/encuentroinformativo.com.mx\/index.php?rest_route=%2Fwp%2Fv2%2Fcomments&post=52745"}],"version-history":[{"count":1,"href":"https:\/\/encuentroinformativo.com.mx\/index.php?rest_route=\/wp\/v2\/posts\/52745\/revisions"}],"predecessor-version":[{"id":52747,"href":"https:\/\/encuentroinformativo.com.mx\/index.php?rest_route=\/wp\/v2\/posts\/52745\/revisions\/52747"}],"wp:featuredmedia":[{"embeddable":true,"href":"https:\/\/encuentroinformativo.com.mx\/index.php?rest_route=\/wp\/v2\/media\/52748"}],"wp:attachment":[{"href":"https:\/\/encuentroinformativo.com.mx\/index.php?rest_route=%2Fwp%2Fv2%2Fmedia&parent=52745"}],"wp:term":[{"taxonomy":"category","embeddable":true,"href":"https:\/\/encuentroinformativo.com.mx\/index.php?rest_route=%2Fwp%2Fv2%2Fcategories&post=52745"},{"taxonomy":"post_tag","embeddable":true,"href":"https:\/\/encuentroinformativo.com.mx\/index.php?rest_route=%2Fwp%2Fv2%2Ftags&post=52745"}],"curies":[{"name":"wp","href":"https:\/\/api.w.org\/{rel}","templated":true}]}}