{"id":52749,"date":"2024-04-02T14:48:03","date_gmt":"2024-04-02T20:48:03","guid":{"rendered":"https:\/\/encuentroinformativo.com.mx\/?p=52749"},"modified":"2024-04-02T14:48:09","modified_gmt":"2024-04-02T20:48:09","slug":"analiza-ine-solicitud-de-campana-sobre-programas-sociales","status":"publish","type":"post","link":"https:\/\/encuentroinformativo.com.mx\/?p=52749","title":{"rendered":"Analiza INE solicitud de campa\u00f1a sobre programas sociales"},"content":{"rendered":"\n<p><strong>Dar\u00edo Pale <\/strong><\/p>\n\n\n\n<p>Xalapa, Ver.- El consejo General del Instituto Nacional Electoral (INE), revisa solicitud de campa\u00f1a sobre programas sociales, as\u00ed lo dio a conocer el vocal ejecutivo de la Junta Local del INE Veracruz, Josu\u00e9 Cervantes Mart\u00ednez.<\/p>\n\n\n\n<p>En entrevista expres\u00f3 que, el Consejo General est\u00e1 atendiendo una petici\u00f3n para que el \u00f3rgano electoral realice una campa\u00f1a de difusi\u00f3n sobre la permanencia de los programas sociales.<\/p>\n\n\n\n<p>Una vez que se analice, la presidenta del Instituto Nacional Electoral (INE), Guadalupe Taddei Zavala lo dar\u00e1 a conocer.<\/p>\n\n\n\n<p>&#8220;Hay una petici\u00f3n de las candidaturas a la presidencia de la Rep\u00fablica en ese sentido, entiendo que se est\u00e1 valorando a nivel central y se tomar\u00e1 alguna valoraci\u00f3n&#8221;, se\u00f1al\u00f3.<\/p>\n\n\n\n<p>El funcionario electoral indic\u00f3 que estar\u00e1 atento de la decisi\u00f3n del Consejo General para darlo a conocer.<\/p>\n\n\n\n<p>Finalmente dio a conocer que aunque todo el dise\u00f1o de las campa\u00f1as institucionales tienen una directriz central que conlleva una combinaci\u00f3n de tareas para difundir la cultura pol\u00edtica democr\u00e1tica, as\u00ed como de llamar al voto.<\/p>\n","protected":false},"excerpt":{"rendered":"<p>Dar\u00edo Pale Xalapa, Ver.- El consejo General del Instituto Nacional Electoral (INE), revisa solicitud de campa\u00f1a sobre programas sociales, as\u00ed lo dio a conocer el vocal ejecutivo de la Junta Local del INE Veracruz, Josu\u00e9 Cervantes Mart\u00ednez. En entrevista expres\u00f3 que, el Consejo General est\u00e1 atendiendo una petici\u00f3n para que el \u00f3rgano electoral realice una [&hellip;]<\/p>\n","protected":false},"author":2476,"featured_media":52750,"comment_status":"open","ping_status":"open","sticky":false,"template":"","format":"standard","meta":{"_jetpack_memberships_contains_paid_content":false,"footnotes":""},"categories":[2],"tags":[],"class_list":["post-52749","post","type-post","status-publish","format-standard","has-post-thumbnail","hentry","category-estado"],"jetpack_featured_media_url":"https:\/\/encuentroinformativo.com.mx\/wp-content\/uploads\/2024\/04\/IMG-20240402-WA0028.jpg","jetpack_sharing_enabled":true,"jetpack_likes_enabled":true,"amp_enabled":true,"_links":{"self":[{"href":"https:\/\/encuentroinformativo.com.mx\/index.php?rest_route=\/wp\/v2\/posts\/52749","targetHints":{"allow":["GET"]}}],"collection":[{"href":"https:\/\/encuentroinformativo.com.mx\/index.php?rest_route=\/wp\/v2\/posts"}],"about":[{"href":"https:\/\/encuentroinformativo.com.mx\/index.php?rest_route=\/wp\/v2\/types\/post"}],"author":[{"embeddable":true,"href":"https:\/\/encuentroinformativo.com.mx\/index.php?rest_route=\/wp\/v2\/users\/2476"}],"replies":[{"embeddable":true,"href":"https:\/\/encuentroinformativo.com.mx\/index.php?rest_route=%2Fwp%2Fv2%2Fcomments&post=52749"}],"version-history":[{"count":1,"href":"https:\/\/encuentroinformativo.com.mx\/index.php?rest_route=\/wp\/v2\/posts\/52749\/revisions"}],"predecessor-version":[{"id":52751,"href":"https:\/\/encuentroinformativo.com.mx\/index.php?rest_route=\/wp\/v2\/posts\/52749\/revisions\/52751"}],"wp:featuredmedia":[{"embeddable":true,"href":"https:\/\/encuentroinformativo.com.mx\/index.php?rest_route=\/wp\/v2\/media\/52750"}],"wp:attachment":[{"href":"https:\/\/encuentroinformativo.com.mx\/index.php?rest_route=%2Fwp%2Fv2%2Fmedia&parent=52749"}],"wp:term":[{"taxonomy":"category","embeddable":true,"href":"https:\/\/encuentroinformativo.com.mx\/index.php?rest_route=%2Fwp%2Fv2%2Fcategories&post=52749"},{"taxonomy":"post_tag","embeddable":true,"href":"https:\/\/encuentroinformativo.com.mx\/index.php?rest_route=%2Fwp%2Fv2%2Ftags&post=52749"}],"curies":[{"name":"wp","href":"https:\/\/api.w.org\/{rel}","templated":true}]}}