{"id":52755,"date":"2024-04-02T19:12:24","date_gmt":"2024-04-03T01:12:24","guid":{"rendered":"https:\/\/encuentroinformativo.com.mx\/?p=52755"},"modified":"2024-04-02T19:12:30","modified_gmt":"2024-04-03T01:12:30","slug":"mas-de-20-mil-veracruzanos-emitiran-su-voto-desde-el-extranjero","status":"publish","type":"post","link":"https:\/\/encuentroinformativo.com.mx\/?p=52755","title":{"rendered":"M\u00e1s de 20 mil veracruzanos emitir\u00e1n su voto desde el extranjero"},"content":{"rendered":"\n<p><strong>Juan Arcos <\/strong><\/p>\n\n\n\n<p>Xalapa, Ver.- M\u00e1s de 27 mil veracruzanas y veracruzanos que radican en el extranjero presentaron su solicitud para votar en este proceso electoral 2023-2024.<\/p>\n\n\n\n<p>El vocal del Registro Federal de Electores (RFE), Sergio Vera Olvera, dio a conocer que hay un estimado de 67 mil veracruzanos en el extranjero.<br>Sin embargo, con base en dichas cifras, se puede estimar que menos del 50 por ciento solicitaron su inclusi\u00f3n a la lista nominal para participar en este proceso electoral y as\u00ed emitir su voto el pr\u00f3ximo 2 de junio.<\/p>\n\n\n\n<p>\u201cNosotros tenemos 67 mil 169 veracruzanos que est\u00e1n en el padr\u00f3n electoral; sin embargo, nada m\u00e1s 27 mil 447 solicitaron su inclusi\u00f3n en la lista nominal, esto quiere decir que en las tres modalidades, presencial, por correo o el d\u00eda de la jornada electoral solamente vamos a tener 27 mil 746 veracruzanos ejerciendo su voto\u201d, explic\u00f3 el funcionario electoral.<\/p>\n\n\n\n<p>Vera Olvera detall\u00f3 que la mayor\u00eda de las 27 mil veracruzanas y veracruzanos, quienes solicitaron ejercer su derecho al voto desde el extranjero, radican en distintos puntos de los Estados Unidos de Norteam\u00e9rica.<\/p>\n\n\n\n<p>\u201cEn Texas es donde hay m\u00e1s veracruzanos, yo pensaba que era en California, pero no, la mayor\u00eda de los veracruzanos est\u00e1n en Texas, luego sigue California y luego New York, como estado porque en B\u00fafalo hay muchos seg\u00fan los registros, los estados que m\u00e1s tienen es Florida, Illinois, Carolina del Norte y Texas\u201d, refiri\u00f3.<\/p>\n\n\n\n<p>Cabe recordar que, la semana pasada, el Instituto Nacional Electoral (INE) inform\u00f3 que fue cubierto el 56.09 por ciento deciudadan\u00eda requerido para integrar las Mesas de Escrutinio y C\u00f3mputo (MEC) paralos sufragios emitidos en las modalidades postal y electr\u00f3nica del voto desde elextranjero, a instalarse el pr\u00f3ximo 2 de junio para el proceso electoral.<\/p>\n\n\n\n<p>Se precis\u00f3 que a nivel nacional se ha visitado a tres mil 486 ciudadanas y ciudadanos, de los que 733 fueron notificados efectivamente, 382 capacitados y, finalmente, validar que 372 cumplen con los requisitos legales para ser designados como funcionariado en las MEC.<\/p>\n","protected":false},"excerpt":{"rendered":"<p>Juan Arcos Xalapa, Ver.- M\u00e1s de 27 mil veracruzanas y veracruzanos que radican en el extranjero presentaron su solicitud para votar en este proceso electoral 2023-2024. El vocal del Registro Federal de Electores (RFE), Sergio Vera Olvera, dio a conocer que hay un estimado de 67 mil veracruzanos en el extranjero.Sin embargo, con base en [&hellip;]<\/p>\n","protected":false},"author":2476,"featured_media":52756,"comment_status":"open","ping_status":"open","sticky":false,"template":"","format":"standard","meta":{"_jetpack_memberships_contains_paid_content":false,"footnotes":""},"categories":[2],"tags":[],"class_list":["post-52755","post","type-post","status-publish","format-standard","has-post-thumbnail","hentry","category-estado"],"jetpack_featured_media_url":"https:\/\/encuentroinformativo.com.mx\/wp-content\/uploads\/2024\/04\/IMG_6363.jpg","jetpack_sharing_enabled":true,"jetpack_likes_enabled":true,"amp_enabled":true,"_links":{"self":[{"href":"https:\/\/encuentroinformativo.com.mx\/index.php?rest_route=\/wp\/v2\/posts\/52755","targetHints":{"allow":["GET"]}}],"collection":[{"href":"https:\/\/encuentroinformativo.com.mx\/index.php?rest_route=\/wp\/v2\/posts"}],"about":[{"href":"https:\/\/encuentroinformativo.com.mx\/index.php?rest_route=\/wp\/v2\/types\/post"}],"author":[{"embeddable":true,"href":"https:\/\/encuentroinformativo.com.mx\/index.php?rest_route=\/wp\/v2\/users\/2476"}],"replies":[{"embeddable":true,"href":"https:\/\/encuentroinformativo.com.mx\/index.php?rest_route=%2Fwp%2Fv2%2Fcomments&post=52755"}],"version-history":[{"count":1,"href":"https:\/\/encuentroinformativo.com.mx\/index.php?rest_route=\/wp\/v2\/posts\/52755\/revisions"}],"predecessor-version":[{"id":52757,"href":"https:\/\/encuentroinformativo.com.mx\/index.php?rest_route=\/wp\/v2\/posts\/52755\/revisions\/52757"}],"wp:featuredmedia":[{"embeddable":true,"href":"https:\/\/encuentroinformativo.com.mx\/index.php?rest_route=\/wp\/v2\/media\/52756"}],"wp:attachment":[{"href":"https:\/\/encuentroinformativo.com.mx\/index.php?rest_route=%2Fwp%2Fv2%2Fmedia&parent=52755"}],"wp:term":[{"taxonomy":"category","embeddable":true,"href":"https:\/\/encuentroinformativo.com.mx\/index.php?rest_route=%2Fwp%2Fv2%2Fcategories&post=52755"},{"taxonomy":"post_tag","embeddable":true,"href":"https:\/\/encuentroinformativo.com.mx\/index.php?rest_route=%2Fwp%2Fv2%2Ftags&post=52755"}],"curies":[{"name":"wp","href":"https:\/\/api.w.org\/{rel}","templated":true}]}}