{"id":52764,"date":"2024-04-02T22:01:59","date_gmt":"2024-04-03T04:01:59","guid":{"rendered":"https:\/\/encuentroinformativo.com.mx\/?p=52764"},"modified":"2024-04-02T22:02:04","modified_gmt":"2024-04-03T04:02:04","slug":"descarta-pepe-yunes-solicitar-seguridad-especial","status":"publish","type":"post","link":"https:\/\/encuentroinformativo.com.mx\/?p=52764","title":{"rendered":"Descarta Pepe Yunes solicitar seguridad especial"},"content":{"rendered":"\n<p><strong>Dar\u00edo Pale <\/strong><\/p>\n\n\n\n<p>Xalapa, Ver.- Adelanta que no solicitar\u00e1 seguridad especial para realizar campa\u00f1a en Veracruz, asegur\u00f3 que no ha sido amenazado, as\u00ed lo dio a conocer el candidato de la alianza PAN-PRI-PRD, Jos\u00e9 Yunes Zorrilla.<\/p>\n\n\n\n<p>En conferencia de prensa Yunes Zorrilla, resalt\u00f3 que el tema de la seguridad es importante luego de hechos violentos que se han registrado en otros puntos del pa\u00eds donde aspirantes a diferentes cargos de elecci\u00f3n popular han sido atacados &#8220;evidentemente debe preocuparnos para que en Veracruz no se repita&#8221;.<\/p>\n\n\n\n<p>No obstante, asegur\u00f3 que no requiere de ninguna protecci\u00f3n especial, &#8220;no tengo porque temer, lo que si pedir\u00eda es que garantice \u00a0la seguridad de los 8 millones de veracruzanos, y yo no estar\u00eda pensando en un alg\u00fan tipo de consideraci\u00f3n especial&#8221;.<\/p>\n\n\n\n<p>En otro orden de ideas cabe recordar que, Jos\u00e9 Yunes Zorrilla acudi\u00f3 a la Ciudad de M\u00e9xico para dar a conocer su \u00a0declaraci\u00f3n 3 de3, as\u00ed como la denuncia ante la Fiscal\u00eda Especializada en materia de Combate a la Corrupci\u00f3n de la Fiscal\u00eda General de la Rep\u00fablica (FGR) en contra de la candidata morenista a la gubernatura Norma Roc\u00edo Nahle Garc\u00eda y contra quien o quienes resulten responsables por los delitos de enriquecimiento il\u00edcito y operaciones con recursos de procedencia il\u00edcita.<\/p>\n\n\n\n<p>De acuerdo con la denuncia, durante el per\u00edodo en el que la candidata a la gubernatura se desempe\u00f1\u00f3 como secretaria de Energ\u00eda del gobierno federal, ha aumentado de manera inexplicable su patrimonio y adquiri\u00f3 de manera directa y a trav\u00e9s de terceros con quienes tiene relaci\u00f3n familiar (c\u00f3nyuge y sobrina) diversos inmuebles cuyo valor excede los 60 millones de pesos (mdp).<\/p>\n\n\n\n<p>Seg\u00fan las pruebas obtenidas, se simulaban contratos de compraventa por valor menor al de mercado, se utilizaban prestanombres y se canalizaban recursos de procedencia il\u00edcita para formalizar la operaci\u00f3n. Algunas de estas propiedades no fueron reportadas en las declaraciones patrimoniales, a pesar de que Norma Roc\u00edo Nahle Garc\u00eda se conduce como due\u00f1a.<\/p>\n\n\n\n<p>Conforme a dichas declaraciones, la disponibilidad patrimonial derivada de los ingresos declarados por la exservidora p\u00fablica federal no es congruente con las adquisiciones realizadas, por s\u00ed o mediante terceros, sobre todo si se toma en cuenta que el valor agregado de los inmuebles identificados superan los 60 mdp; sin embargo, los ingresos totales declarados entre 2018 y 2023 son por 16 millones 191 mil 294 pesos.<\/p>\n\n\n\n<p>Las conductas descritas actualizan los delitos de enriquecimiento il\u00edcito y de operaciones con recursos de procedencia il\u00edcita previstos en los art\u00edculos 224 y 400 bis del C\u00f3digo Penal federal.<\/p>\n\n\n\n<p>Pepe Yunes solicit\u00f3 la ratificaci\u00f3n de la denuncia e iniciar la investigaci\u00f3n correspondiente junto con la investigaci\u00f3n y la comparecencia de las personas que correspondan conforme a las l\u00edneas de investigaci\u00f3n que deriven de los hechos denunciados, para la integraci\u00f3n de la carpeta de investigaci\u00f3n.<\/p>\n\n\n\n<p>Por \u00faltimo pide tambi\u00e9n que, una vez que se haya cerrado la investigaci\u00f3n, de encontrarse elementos suficientes que hagan presumible la comisi\u00f3n de conductas il\u00edcitas en lo penal, se proceda a la imputaci\u00f3n en contra de Norma Roc\u00edo Nahle Garc\u00eda y quien o quienes resulten responsables ante la autoridad judicial competente, solicitando la expedici\u00f3n de los correspondientes citatorios, \u00f3rdenes de comparecencia o de aprehensi\u00f3n para presentarse ante el Juez de Control competente.<\/p>\n","protected":false},"excerpt":{"rendered":"<p>Dar\u00edo Pale Xalapa, Ver.- Adelanta que no solicitar\u00e1 seguridad especial para realizar campa\u00f1a en Veracruz, asegur\u00f3 que no ha sido amenazado, as\u00ed lo dio a conocer el candidato de la alianza PAN-PRI-PRD, Jos\u00e9 Yunes Zorrilla. En conferencia de prensa Yunes Zorrilla, resalt\u00f3 que el tema de la seguridad es importante luego de hechos violentos que [&hellip;]<\/p>\n","protected":false},"author":2476,"featured_media":52765,"comment_status":"open","ping_status":"open","sticky":false,"template":"","format":"standard","meta":{"_jetpack_memberships_contains_paid_content":false,"footnotes":""},"categories":[2],"tags":[],"class_list":["post-52764","post","type-post","status-publish","format-standard","has-post-thumbnail","hentry","category-estado"],"jetpack_featured_media_url":"https:\/\/encuentroinformativo.com.mx\/wp-content\/uploads\/2024\/04\/IMG-20240402-WA00812.jpg","jetpack_sharing_enabled":true,"jetpack_likes_enabled":true,"amp_enabled":true,"_links":{"self":[{"href":"https:\/\/encuentroinformativo.com.mx\/index.php?rest_route=\/wp\/v2\/posts\/52764","targetHints":{"allow":["GET"]}}],"collection":[{"href":"https:\/\/encuentroinformativo.com.mx\/index.php?rest_route=\/wp\/v2\/posts"}],"about":[{"href":"https:\/\/encuentroinformativo.com.mx\/index.php?rest_route=\/wp\/v2\/types\/post"}],"author":[{"embeddable":true,"href":"https:\/\/encuentroinformativo.com.mx\/index.php?rest_route=\/wp\/v2\/users\/2476"}],"replies":[{"embeddable":true,"href":"https:\/\/encuentroinformativo.com.mx\/index.php?rest_route=%2Fwp%2Fv2%2Fcomments&post=52764"}],"version-history":[{"count":1,"href":"https:\/\/encuentroinformativo.com.mx\/index.php?rest_route=\/wp\/v2\/posts\/52764\/revisions"}],"predecessor-version":[{"id":52766,"href":"https:\/\/encuentroinformativo.com.mx\/index.php?rest_route=\/wp\/v2\/posts\/52764\/revisions\/52766"}],"wp:featuredmedia":[{"embeddable":true,"href":"https:\/\/encuentroinformativo.com.mx\/index.php?rest_route=\/wp\/v2\/media\/52765"}],"wp:attachment":[{"href":"https:\/\/encuentroinformativo.com.mx\/index.php?rest_route=%2Fwp%2Fv2%2Fmedia&parent=52764"}],"wp:term":[{"taxonomy":"category","embeddable":true,"href":"https:\/\/encuentroinformativo.com.mx\/index.php?rest_route=%2Fwp%2Fv2%2Fcategories&post=52764"},{"taxonomy":"post_tag","embeddable":true,"href":"https:\/\/encuentroinformativo.com.mx\/index.php?rest_route=%2Fwp%2Fv2%2Ftags&post=52764"}],"curies":[{"name":"wp","href":"https:\/\/api.w.org\/{rel}","templated":true}]}}