{"id":52772,"date":"2024-04-03T11:38:00","date_gmt":"2024-04-03T17:38:00","guid":{"rendered":"https:\/\/encuentroinformativo.com.mx\/?p=52772"},"modified":"2024-04-03T11:38:05","modified_gmt":"2024-04-03T17:38:05","slug":"carreteras-desbaratas-en-la-zona-norte-de-veracruz-angelica-sanchez","status":"publish","type":"post","link":"https:\/\/encuentroinformativo.com.mx\/?p=52772","title":{"rendered":"Carreteras desbaratas en la zona norte de Veracruz: Ang\u00e9lica S\u00e1nchez"},"content":{"rendered":"\n<p><strong>Redacci\u00f3n<\/strong><\/p>\n\n\n\n<p>Xalapa, Ver.- Los costos en las casetas de peaje en la entidad veracruzana son muy altos y la mayor\u00eda de las veces las carreteras no lo ameritan, as\u00ed lo consider\u00f3 Ang\u00e9lica S\u00e1nchez Hern\u00e1ndez candidata al Senado de la Rep\u00fablica por Movimiento Ciudadano.<\/p>\n\n\n\n<p>En un video difundido a trav\u00e9s de redes sociales, la aspirante al Senado relat\u00f3 las condiciones en las que observ\u00f3 las carreteras que comunican la zona norte de Veracruz.<\/p>\n\n\n\n<p>\u201cEn mi viaje al norte de Veracruz no tan solo encontramos unos precios estratosf\u00e9ricos en las casetas, las carreteras no ameritan esos precios\u2026 los tramos que no son de autopista totalmente desechos\u201d.<\/p>\n\n\n\n<p>Primero de Xalapa hasta Tuxpan, dijo, creo que de las carreteras m\u00e1s caras de todo M\u00e9xico y de Tuxpan hacia P\u00e1nuco las carreteras m\u00e1s desbaratadas del estado de Veracruz, tanto que en la bajada de P\u00e1nuco a Tantoyuca nos echamos la rotula del veh\u00edculo en el que venimos, esto no es posible de verdad.<\/p>\n\n\n\n<p>Por lo que la candidata al Senado calific\u00f3 de lamentable las malas condiciones en que se encuentran las v\u00edas de comunicaci\u00f3n de la entidad, \u201cacabarnos los veh\u00edculos en carreteras totalmente desbaratadas no se me hace justo \u00bfy a ustedes?\u201d, puntualiz\u00f3.<\/p>\n","protected":false},"excerpt":{"rendered":"<p>Redacci\u00f3n Xalapa, Ver.- Los costos en las casetas de peaje en la entidad veracruzana son muy altos y la mayor\u00eda de las veces las carreteras no lo ameritan, as\u00ed lo consider\u00f3 Ang\u00e9lica S\u00e1nchez Hern\u00e1ndez candidata al Senado de la Rep\u00fablica por Movimiento Ciudadano. En un video difundido a trav\u00e9s de redes sociales, la aspirante al [&hellip;]<\/p>\n","protected":false},"author":2476,"featured_media":52773,"comment_status":"open","ping_status":"open","sticky":false,"template":"","format":"standard","meta":{"_jetpack_memberships_contains_paid_content":false,"footnotes":""},"categories":[2],"tags":[],"class_list":["post-52772","post","type-post","status-publish","format-standard","has-post-thumbnail","hentry","category-estado"],"jetpack_featured_media_url":"https:\/\/encuentroinformativo.com.mx\/wp-content\/uploads\/2024\/04\/IMG-20240403-WA0011.jpg","jetpack_sharing_enabled":true,"jetpack_likes_enabled":true,"amp_enabled":true,"_links":{"self":[{"href":"https:\/\/encuentroinformativo.com.mx\/index.php?rest_route=\/wp\/v2\/posts\/52772","targetHints":{"allow":["GET"]}}],"collection":[{"href":"https:\/\/encuentroinformativo.com.mx\/index.php?rest_route=\/wp\/v2\/posts"}],"about":[{"href":"https:\/\/encuentroinformativo.com.mx\/index.php?rest_route=\/wp\/v2\/types\/post"}],"author":[{"embeddable":true,"href":"https:\/\/encuentroinformativo.com.mx\/index.php?rest_route=\/wp\/v2\/users\/2476"}],"replies":[{"embeddable":true,"href":"https:\/\/encuentroinformativo.com.mx\/index.php?rest_route=%2Fwp%2Fv2%2Fcomments&post=52772"}],"version-history":[{"count":2,"href":"https:\/\/encuentroinformativo.com.mx\/index.php?rest_route=\/wp\/v2\/posts\/52772\/revisions"}],"predecessor-version":[{"id":52775,"href":"https:\/\/encuentroinformativo.com.mx\/index.php?rest_route=\/wp\/v2\/posts\/52772\/revisions\/52775"}],"wp:featuredmedia":[{"embeddable":true,"href":"https:\/\/encuentroinformativo.com.mx\/index.php?rest_route=\/wp\/v2\/media\/52773"}],"wp:attachment":[{"href":"https:\/\/encuentroinformativo.com.mx\/index.php?rest_route=%2Fwp%2Fv2%2Fmedia&parent=52772"}],"wp:term":[{"taxonomy":"category","embeddable":true,"href":"https:\/\/encuentroinformativo.com.mx\/index.php?rest_route=%2Fwp%2Fv2%2Fcategories&post=52772"},{"taxonomy":"post_tag","embeddable":true,"href":"https:\/\/encuentroinformativo.com.mx\/index.php?rest_route=%2Fwp%2Fv2%2Ftags&post=52772"}],"curies":[{"name":"wp","href":"https:\/\/api.w.org\/{rel}","templated":true}]}}