{"id":52776,"date":"2024-04-03T13:03:36","date_gmt":"2024-04-03T19:03:36","guid":{"rendered":"https:\/\/encuentroinformativo.com.mx\/?p=52776"},"modified":"2024-04-03T13:03:41","modified_gmt":"2024-04-03T19:03:41","slug":"segun-resolucion-de-scjn-candidata-no-contaria-con-residencia-efectiva-en-veracruz","status":"publish","type":"post","link":"https:\/\/encuentroinformativo.com.mx\/?p=52776","title":{"rendered":"Seg\u00fan resoluci\u00f3n de SCJN candidata no contar\u00eda con residencia efectiva en Veracruz"},"content":{"rendered":"\n<p><strong>Alejandro \u00c1vila<\/strong><\/p>\n\n\n\n<p>Veracruz, Ver.- El Doctor en Derecho, Fidel Guillermo Ord\u00f3\u00f1ez Solana, record\u00f3 que la presunta ley que se reform\u00f3 en Veracruz para que cualquier mexicano pudiera gobernar Veracruz, fue rechazada el pasado 30 de enero del 2023 por la Suprema Corte de Justicia de la Naci\u00f3n (SCJN) qui\u00e9n dict\u00f3 una resoluci\u00f3n de inconstitucionalidad, al tiempo que resolvi\u00f3 que solamente los veracruzanos pod\u00edan ser gobernadores de este estado.<\/p>\n\n\n\n<p>En ese tema, record\u00f3 que ya hubo dos resoluciones similares, una en contra de Miguel \u00c1ngel Yunes M\u00e1rquez, a qui\u00e9n se le imposibilit\u00f3 la candidatura para la alcald\u00eda de Veracruz; y la otra en contra de Santiago Nieto, qui\u00e9n pretend\u00eda ser Senador por Morena postulado por el Estado de Quer\u00e9taro.<\/p>\n\n\n\n<p>&#8220;En esas dos resoluciones se estima que debe de interpretarse la residencia efectiva, y la residencia efectiva como lo establece tanto la Constituci\u00f3n de Quer\u00e9taro como la Constituci\u00f3n de Veracruz, es que tienen que ser 5 a\u00f1os previos al d\u00eda de la elecci\u00f3n, y en el caso espec\u00edfico de Roc\u00edo Nahle sabemos que en los \u00faltimos cinco a\u00f1os fue secretaria de Energ\u00eda con domicilio en la Ciudad de M\u00e9xico, fue adicionalmente la constructora de Dos Bocas con domicilio en Villahermosa, Tabasco, y que por lo tanto no tiene ese sentido la residencia por los \u00faltimos 5 a\u00f1os en Veracruz&#8221;, asest\u00f3.<\/p>\n\n\n\n<p>Fidel Ordo\u00f1ez aclar\u00f3 que, la reforma que se plante\u00f3 era que por el hecho de tener hijas nacidas en Veracruz se le pod\u00eda considerar veracruzana, &#8220;es un absurdo y es un contrasentido. Simple y sencillamente la Suprema Corte lo que dijo, es que solamente hay una posibilidad de adquirir nosotros nuestro reconocimiento como veracruzanos, el primero, porque son dos elementos en uno solo, es haber nacido en Veracruz, el segundo es haber sido hijos de padres veracruzanos nacido fuera del territorio de Veracruz pero dentro del territorio nacional. Esto que quiere decir, que dos veracruzanos que tengan un hijo nacido en Copenhague, no puede venir el hijo nacido en Copenhague a ser gobernador de Veracruz, as\u00ed de sencillo&#8221;, subray\u00f3.<\/p>\n\n\n\n<p>Adem\u00e1s, agreg\u00f3 que el recientemente expuesto recibo de energ\u00eda el\u00e9ctrica de la casa de Roc\u00edo Nahle en Coatzacoalcos, con un pago inferior a los 900 pesos, indica que ella y su familia no habitan dicha vivienda.<\/p>\n\n\n\n<p>&#8220;La credencial de elector que diga que domicilio es, no es simple y sencillamente v\u00e1lida para que se interprete que ella vive en Coatzacoalcos, es m\u00e1s, en los juicios de naturaleza convencional, en los juicios de amparo ante un Juez de Distrito, la credencial de elector por si sola no lo vale, entonces no tiene una apreciaci\u00f3n plena como prueba. En segundo lugar, si nos presentan un recibo de energ\u00eda el\u00e9ctrica por menos de 900 pesos, d\u00f3nde sabemos que no puede consumirse menos de 900 pesos de luz, si vemos el historial, vemos que solamente paga 700 &#8211; 800 pesos de luz, significa que ella no ha vivido en esa casa, no puede vivir en esa casa porque todos nosotros nos administramos con la luz porque si no el clima nos desbarata, y en Coatzacoalcos sin clima no puedes vivir&#8221;, sentenci\u00f3.<\/p>\n\n\n\n<p>Finalmente expuso que tal y como sucedi\u00f3 con Santiago Nieto, no existe el sentido de vecindad en Coatzacoalcos, Veracruz.<\/p>\n\n\n\n<p>&#8220;Ella ten\u00eda una excusa, s\u00ed, Senadora de la Rep\u00fablica, si eres Senador de la Rep\u00fablica o Diputado Federal no pierdes la residencia, pero ella pidi\u00f3 licencia y al pedir licencia se convierte en secretaria de estado, y los secretarios de estado pierden la residencia porque finalmente el n\u00facleo de poder est\u00e1 en la Ciudad de M\u00e9xico, y su desarrollo pol\u00edtico y su trabajo, como lo fue de Roc\u00edo Nahle, se dividi\u00f3 en Ciudad de M\u00e9xico y en Villa Hermosa, Tabasco, y de ninguna manera en Veracruz&#8221;, remat\u00f3.<\/p>\n","protected":false},"excerpt":{"rendered":"<p>Alejandro \u00c1vila Veracruz, Ver.- El Doctor en Derecho, Fidel Guillermo Ord\u00f3\u00f1ez Solana, record\u00f3 que la presunta ley que se reform\u00f3 en Veracruz para que cualquier mexicano pudiera gobernar Veracruz, fue rechazada el pasado 30 de enero del 2023 por la Suprema Corte de Justicia de la Naci\u00f3n (SCJN) qui\u00e9n dict\u00f3 una resoluci\u00f3n de inconstitucionalidad, al [&hellip;]<\/p>\n","protected":false},"author":2476,"featured_media":52777,"comment_status":"open","ping_status":"open","sticky":false,"template":"","format":"standard","meta":{"_jetpack_memberships_contains_paid_content":false,"footnotes":""},"categories":[2],"tags":[],"class_list":["post-52776","post","type-post","status-publish","format-standard","has-post-thumbnail","hentry","category-estado"],"jetpack_featured_media_url":"https:\/\/encuentroinformativo.com.mx\/wp-content\/uploads\/2024\/04\/IMG-20240403-WA0017.jpg","jetpack_sharing_enabled":true,"jetpack_likes_enabled":true,"amp_enabled":true,"_links":{"self":[{"href":"https:\/\/encuentroinformativo.com.mx\/index.php?rest_route=\/wp\/v2\/posts\/52776","targetHints":{"allow":["GET"]}}],"collection":[{"href":"https:\/\/encuentroinformativo.com.mx\/index.php?rest_route=\/wp\/v2\/posts"}],"about":[{"href":"https:\/\/encuentroinformativo.com.mx\/index.php?rest_route=\/wp\/v2\/types\/post"}],"author":[{"embeddable":true,"href":"https:\/\/encuentroinformativo.com.mx\/index.php?rest_route=\/wp\/v2\/users\/2476"}],"replies":[{"embeddable":true,"href":"https:\/\/encuentroinformativo.com.mx\/index.php?rest_route=%2Fwp%2Fv2%2Fcomments&post=52776"}],"version-history":[{"count":1,"href":"https:\/\/encuentroinformativo.com.mx\/index.php?rest_route=\/wp\/v2\/posts\/52776\/revisions"}],"predecessor-version":[{"id":52778,"href":"https:\/\/encuentroinformativo.com.mx\/index.php?rest_route=\/wp\/v2\/posts\/52776\/revisions\/52778"}],"wp:featuredmedia":[{"embeddable":true,"href":"https:\/\/encuentroinformativo.com.mx\/index.php?rest_route=\/wp\/v2\/media\/52777"}],"wp:attachment":[{"href":"https:\/\/encuentroinformativo.com.mx\/index.php?rest_route=%2Fwp%2Fv2%2Fmedia&parent=52776"}],"wp:term":[{"taxonomy":"category","embeddable":true,"href":"https:\/\/encuentroinformativo.com.mx\/index.php?rest_route=%2Fwp%2Fv2%2Fcategories&post=52776"},{"taxonomy":"post_tag","embeddable":true,"href":"https:\/\/encuentroinformativo.com.mx\/index.php?rest_route=%2Fwp%2Fv2%2Ftags&post=52776"}],"curies":[{"name":"wp","href":"https:\/\/api.w.org\/{rel}","templated":true}]}}