{"id":52784,"date":"2024-04-03T13:39:03","date_gmt":"2024-04-03T19:39:03","guid":{"rendered":"https:\/\/encuentroinformativo.com.mx\/?p=52784"},"modified":"2024-04-03T13:39:09","modified_gmt":"2024-04-03T19:39:09","slug":"camarena-afecto-ocupacion-hotelera-cometur","status":"publish","type":"post","link":"https:\/\/encuentroinformativo.com.mx\/?p=52784","title":{"rendered":"&#8220;Camarena&#8221; afect\u00f3 ocupaci\u00f3n hotelera: COMETUR"},"content":{"rendered":"\n<p><strong>Alejandro \u00c1vila<\/strong><\/p>\n\n\n\n<p>Veracruz, Ver.- El presidente del Consejo Metropolitano de Turismo (COMETUR), Sergio Lois Heredia, lament\u00f3 que en este 2024 se haya registrado nuevamente el conocido &#8220;camarena&#8221; durante la temporada vacacional de Semana Santa, mismo que afect\u00f3 en la ocupaci\u00f3n de los hoteles peque\u00f1os.<\/p>\n\n\n\n<p>&#8220;Hubo bastante afluencia de turismo, creo que todos lo pudimos palpar en la ciudad, en cuanto a la ocupaci\u00f3n creo que s\u00ed es lo que esper\u00e1bamos en cuanto al fin de semana Santo, a partir de lo que es jueves, viernes, s\u00e1bado, pues tuvimos ocupaciones pr\u00e1cticamente a tope, sin embargo este a\u00f1o se volvi\u00f3 a registrar un fen\u00f3meno que en los \u00faltimos a\u00f1os no se hab\u00eda registrado, qu\u00e9 conocemos como el cama &#8211; arena, creo que este a\u00f1o hubo bastante este tema de las personas que pasaron la noche en la playa o en los espacios p\u00fablicos, y eso al final es un problema porque, una, la imagen que damos para los dem\u00e1s turistas, y otra, que s\u00ed tiene afectaciones para el sector hotelero, sobre todo a los hoteles peque\u00f1os qu\u00e9 tal vez no est\u00e1n en la ubicaci\u00f3n cercana a la playa, generalmente en esa fecha son los \u00faltimos en llenarse, porque son los que reciben gente sin reservaci\u00f3n&#8221;, explic\u00f3.<\/p>\n\n\n\n<p>En ese sentido, el empresario hotelero dijo tener conocimiento que muchos de sus hom\u00f3logos due\u00f1os de peque\u00f1os hoteles no registraron llenos, y no por la falta de turismo, sino porque muchos de los visitantes pernoctaron en las playas o en espacios p\u00fablicos de las ciudades de Veracruz y Boca del R\u00edo.<\/p>\n\n\n\n<p>&#8220;A ver, es un problema, porque es poca la derrama que pueden dejar esas personas, y si representa un golpe, repito, para lo que son los hoteles m\u00e1s peque\u00f1os. En a\u00f1os pasados se hicieron operativos en contra de esto, para retirar a las personas y se sinti\u00f3, el a\u00f1o pasado no recuerdo que se haya registrado con tanto, seguramente alguien lo habr\u00e1 hecho pero no tantos como este a\u00f1o, este a\u00f1o creo que se asent\u00f3 un poco m\u00e1s, y ser\u00e1 muy importante poner atenci\u00f3n para las pr\u00f3ximas temporadas altas a que se evite esto, porque adem\u00e1s es por la propia seguridad de las personas&#8221;, mencion\u00f3.<\/p>\n\n\n\n<p>Debido a esa situaci\u00f3n, Sergio Lois dijo que no se podr\u00eda hablar de un 100 por ciento de ocupaci\u00f3n hotelera, aunque s\u00ed de un 90 por ciento durante Semana Santa; aunque aclar\u00f3 que los hoteles m\u00e1s importantes y los m\u00e1s cercanos a la playa s\u00ed registraron llenos totales.<\/p>\n","protected":false},"excerpt":{"rendered":"<p>Alejandro \u00c1vila Veracruz, Ver.- El presidente del Consejo Metropolitano de Turismo (COMETUR), Sergio Lois Heredia, lament\u00f3 que en este 2024 se haya registrado nuevamente el conocido &#8220;camarena&#8221; durante la temporada vacacional de Semana Santa, mismo que afect\u00f3 en la ocupaci\u00f3n de los hoteles peque\u00f1os. &#8220;Hubo bastante afluencia de turismo, creo que todos lo pudimos palpar [&hellip;]<\/p>\n","protected":false},"author":2476,"featured_media":52785,"comment_status":"open","ping_status":"open","sticky":false,"template":"","format":"standard","meta":{"_jetpack_memberships_contains_paid_content":false,"footnotes":""},"categories":[2],"tags":[],"class_list":["post-52784","post","type-post","status-publish","format-standard","has-post-thumbnail","hentry","category-estado"],"jetpack_featured_media_url":"https:\/\/encuentroinformativo.com.mx\/wp-content\/uploads\/2024\/04\/IMG-20240403-WA0019.jpg","jetpack_sharing_enabled":true,"jetpack_likes_enabled":true,"amp_enabled":true,"_links":{"self":[{"href":"https:\/\/encuentroinformativo.com.mx\/index.php?rest_route=\/wp\/v2\/posts\/52784","targetHints":{"allow":["GET"]}}],"collection":[{"href":"https:\/\/encuentroinformativo.com.mx\/index.php?rest_route=\/wp\/v2\/posts"}],"about":[{"href":"https:\/\/encuentroinformativo.com.mx\/index.php?rest_route=\/wp\/v2\/types\/post"}],"author":[{"embeddable":true,"href":"https:\/\/encuentroinformativo.com.mx\/index.php?rest_route=\/wp\/v2\/users\/2476"}],"replies":[{"embeddable":true,"href":"https:\/\/encuentroinformativo.com.mx\/index.php?rest_route=%2Fwp%2Fv2%2Fcomments&post=52784"}],"version-history":[{"count":1,"href":"https:\/\/encuentroinformativo.com.mx\/index.php?rest_route=\/wp\/v2\/posts\/52784\/revisions"}],"predecessor-version":[{"id":52786,"href":"https:\/\/encuentroinformativo.com.mx\/index.php?rest_route=\/wp\/v2\/posts\/52784\/revisions\/52786"}],"wp:featuredmedia":[{"embeddable":true,"href":"https:\/\/encuentroinformativo.com.mx\/index.php?rest_route=\/wp\/v2\/media\/52785"}],"wp:attachment":[{"href":"https:\/\/encuentroinformativo.com.mx\/index.php?rest_route=%2Fwp%2Fv2%2Fmedia&parent=52784"}],"wp:term":[{"taxonomy":"category","embeddable":true,"href":"https:\/\/encuentroinformativo.com.mx\/index.php?rest_route=%2Fwp%2Fv2%2Fcategories&post=52784"},{"taxonomy":"post_tag","embeddable":true,"href":"https:\/\/encuentroinformativo.com.mx\/index.php?rest_route=%2Fwp%2Fv2%2Ftags&post=52784"}],"curies":[{"name":"wp","href":"https:\/\/api.w.org\/{rel}","templated":true}]}}