{"id":52805,"date":"2024-04-04T09:09:27","date_gmt":"2024-04-04T15:09:27","guid":{"rendered":"https:\/\/encuentroinformativo.com.mx\/?p=52805"},"modified":"2024-04-04T09:09:31","modified_gmt":"2024-04-04T15:09:31","slug":"xochitl-una-en-contra-otra-a-favor","status":"publish","type":"post","link":"https:\/\/encuentroinformativo.com.mx\/?p=52805","title":{"rendered":"X\u00d3CHITL, UNA EN CONTRA; OTRA, A FAVOR"},"content":{"rendered":"\n<p><strong>Los Pol\u00edticos<\/strong><\/p>\n\n\n\n<p><strong>Salvador Mu\u00f1oz<\/strong><\/p>\n\n\n\n<p>Hay quienes han pedido a Pepe Yunes que a veces, se desprenda de ese aire de caballerosidad que durante a\u00f1os lo ha caracterizado y creo que es en esta contienda electoral que as\u00ed lo ha hecho, lo cual debe resultarle muy complicado al tener enfrente a quien tiene: No s\u00f3lo a una candidata, no s\u00f3lo de Morena, no s\u00f3lo a una mujer, desde la perspectiva de Pepe (y de cualquier caballero) a una dama\u2026<\/p>\n\n\n\n<p>As\u00ed, sin perder el estilo (el estilo es el hombre, dixit Buffon), Pepe Yunes entr\u00f3 a la campa\u00f1a como aqu\u00ed mismo se anunci\u00f3: con una denuncia de por medio\u2026 si los Morenos no nos leyeron, o si nos leyeron pero no nos creyeron, vuelve uno a repetir que a Nahle le hace falta un estratega en campa\u00f1as electorales\u2026 confiar en el Padr\u00f3n de Beneficiarios ya es mucho riesgo\u2026<\/p>\n\n\n\n<p>En el caso de Pepe Yunes podemos decir que adem\u00e1s de ser el caballero que siempre es, ahora trae escudo y espada desenvainada\u2026 y hasta el momento, podemos decir que es el pol\u00edtico que muchos quer\u00edan ver: duro, directo, f\u00e9rreo, agresivo, y sin perder el estilo\u2026 bueno\u2026 siempre y cuando sus estrategas, sus asesores o alg\u00fan chistoso, no lo saque de ese esquema como precisamente ayer, en un video, lo ex-pusieron al lado de X\u00f3chitl.<\/p>\n\n\n\n<p>Circul\u00f3 este martes una especie de c\u00e1psula c\u00f3mica entre X\u00f3chitl G\u00e1lvez y Pepe Yunes\u2026 Se entiende que a la se\u00f1ora le guste la comedia, hacerse la chistosa, sentirse \u201cestandopera\u201d&#8230; \u00bfpero involucrar a Pepe en ello por muy pocas l\u00edneas que tenga? \u00a1Para qu\u00e9! Pepe en estos tres primeros d\u00edas de campa\u00f1a no necesita de ser pati\u00f1o de los sue\u00f1os histri\u00f3nicos de X\u00f3chitl G\u00e1lvez. Por supuesto, es mi muy particular punto de vista desde una perspectiva muy simple: creo que cualquier veracruzano conoce mejor a Pepe que X\u00f3chitl\u2026<\/p>\n\n\n\n<p>Por cierto, hablando de X\u00f3chitl, hay que reconocer tambi\u00e9n que es una mujer que sabe enfrentar de cara las circunstancias que la rodean\u2026 Por ejemplo, fue grato escucharla hablar ante estudiantes del ITAM, sin pelos en la lengua, del caso de su hermana, acusada de secuestro y mantenida por doce a\u00f1os en una prisi\u00f3n. Destaco la siguiente frase: \u201cYo no s\u00e9 si es culpable, no s\u00e9 si es inocente. Ella dice que es inocente, yo le creo porque es mi hermana, pero ser\u00e1 un juez el que determine si es culpable, y si es culpable lo va a pagar, de eso tengan la certeza\u201d.<\/p>\n\n\n\n<p>Ese peque\u00f1o discurso habla mucho de su compromiso con su quehacer pol\u00edtico, con los ciudadanos, pero sobre todo, consigo misma\u2026<\/p>\n\n\n\n<p>Y no es la primera ocasi\u00f3n\u2026 ahora que pusieron de moda un video donde aparece el hijo de X\u00f3chitl G\u00e1lvez, Juan Pablo S\u00e1nchez G\u00e1lvez, haciendo \u201cun oso\u201d en estado et\u00edlico en un antro de la zona de Masaryk, en la Ciudad de M\u00e9xico, cuando el chavo ten\u00eda 17 a\u00f1os, ambos, tanto hijo como madre, salieron a dar la cara para ofrecer disculpas uno, y explicar la situaci\u00f3n la otra de lo acontecido\u2026 Creo que eso habla muy bien de nuestros pol\u00edticos\u2026 El dar la cara incluso por lo que ellos no hacen pero s\u00ed sus familiares, da un margen de honestidad y congruencia entre lo que se dice y lo que se hace\u2026 Se respeta su valor para hablar de frente\u2026 cosa que a veces resulta muy complicado a la mayor\u00eda de nuestros pol\u00edticos, del color que sean\u2026 Al menos este d\u00eda puedo hablar que, desde mi punto de vista, X\u00f3chitl tuvo una en contra (para m\u00ed, con Pepe) y una a favor que vale por mil\u2026&nbsp;<\/p>\n","protected":false},"excerpt":{"rendered":"<p>Los Pol\u00edticos Salvador Mu\u00f1oz Hay quienes han pedido a Pepe Yunes que a veces, se desprenda de ese aire de caballerosidad que durante a\u00f1os lo ha caracterizado y creo que es en esta contienda electoral que as\u00ed lo ha hecho, lo cual debe resultarle muy complicado al tener enfrente a quien tiene: No s\u00f3lo a [&hellip;]<\/p>\n","protected":false},"author":2476,"featured_media":387,"comment_status":"open","ping_status":"open","sticky":false,"template":"","format":"standard","meta":{"_jetpack_memberships_contains_paid_content":false,"footnotes":""},"categories":[3],"tags":[],"class_list":["post-52805","post","type-post","status-publish","format-standard","has-post-thumbnail","hentry","category-xalapa"],"jetpack_featured_media_url":"https:\/\/encuentroinformativo.com.mx\/wp-content\/uploads\/2020\/03\/7CF8A22B-2764-47BE-8F7F-38FE9E5D6A2F.jpeg","jetpack_sharing_enabled":true,"jetpack_likes_enabled":true,"amp_enabled":true,"_links":{"self":[{"href":"https:\/\/encuentroinformativo.com.mx\/index.php?rest_route=\/wp\/v2\/posts\/52805","targetHints":{"allow":["GET"]}}],"collection":[{"href":"https:\/\/encuentroinformativo.com.mx\/index.php?rest_route=\/wp\/v2\/posts"}],"about":[{"href":"https:\/\/encuentroinformativo.com.mx\/index.php?rest_route=\/wp\/v2\/types\/post"}],"author":[{"embeddable":true,"href":"https:\/\/encuentroinformativo.com.mx\/index.php?rest_route=\/wp\/v2\/users\/2476"}],"replies":[{"embeddable":true,"href":"https:\/\/encuentroinformativo.com.mx\/index.php?rest_route=%2Fwp%2Fv2%2Fcomments&post=52805"}],"version-history":[{"count":1,"href":"https:\/\/encuentroinformativo.com.mx\/index.php?rest_route=\/wp\/v2\/posts\/52805\/revisions"}],"predecessor-version":[{"id":52806,"href":"https:\/\/encuentroinformativo.com.mx\/index.php?rest_route=\/wp\/v2\/posts\/52805\/revisions\/52806"}],"wp:featuredmedia":[{"embeddable":true,"href":"https:\/\/encuentroinformativo.com.mx\/index.php?rest_route=\/wp\/v2\/media\/387"}],"wp:attachment":[{"href":"https:\/\/encuentroinformativo.com.mx\/index.php?rest_route=%2Fwp%2Fv2%2Fmedia&parent=52805"}],"wp:term":[{"taxonomy":"category","embeddable":true,"href":"https:\/\/encuentroinformativo.com.mx\/index.php?rest_route=%2Fwp%2Fv2%2Fcategories&post=52805"},{"taxonomy":"post_tag","embeddable":true,"href":"https:\/\/encuentroinformativo.com.mx\/index.php?rest_route=%2Fwp%2Fv2%2Ftags&post=52805"}],"curies":[{"name":"wp","href":"https:\/\/api.w.org\/{rel}","templated":true}]}}