{"id":52807,"date":"2024-04-04T11:24:01","date_gmt":"2024-04-04T17:24:01","guid":{"rendered":"https:\/\/encuentroinformativo.com.mx\/?p=52807"},"modified":"2024-04-04T11:24:06","modified_gmt":"2024-04-04T17:24:06","slug":"aumentan-costos-de-vehiculos-por-robos-de-la-delincuencia-organizada","status":"publish","type":"post","link":"https:\/\/encuentroinformativo.com.mx\/?p=52807","title":{"rendered":"Aumentan costos de veh\u00edculos por robos de la delincuencia organizada"},"content":{"rendered":"\n<p><strong>Alejandro \u00c1vila<\/strong><\/p>\n\n\n\n<p>Veracruz, Ver.- El costo de algunos veh\u00edculos ha tenido un incremento debido a los robos de unidades que han sufrido las concesionarias por parte de la delincuencia organizada, mencion\u00f3 Guillermo Rosales Zarate, Presidente Ejecutivo de la Asociaci\u00f3n Mexicana de Distribuidores de Automotores (AMDA).<\/p>\n\n\n\n<p>El empresario mencion\u00f3 que las zonas considerados &#8220;focos rojos&#8221;, son las carreteras de los estados de Jalisco, Michoac\u00e1n, Guanajuato y resto de la zona del Baj\u00edo; siendo las camionetas las unidades que normalmente son hurtadas.<\/p>\n\n\n\n<p>&#8220;Los veh\u00edculos que m\u00e1s son afectados son las camionetas tipo SUV y las camionetas Pick Ups. Y en t\u00e9rminos de seguridad, s\u00ed hay un incremento de costos en toda la red, armadoras, distribuidoras, etc\u00e9tera, Porque adem\u00e1s de los acompa\u00f1amientos de seguridad, por ejemplo, se tienen que restringir los horarios de circulaci\u00f3n, se tienen que esperar a que no vaya solo un veh\u00edculo, se busca lo que se llama el escalonamiento, que es una de las recomendaciones de la Guardia Nacional, y por supuesto, todo eso hace que se incrementen los costos y se reduzca la eficiencia&#8221;, expres\u00f3.<\/p>\n\n\n\n<p>En otro tema, dijo que el Gobierno de Veracruz no tiene ninguna deuda con los distribuidores automotrices de la entidad, debido a que en este sexenio no se compraron veh\u00edculos a los concesionarios veracruzanos, si no lo hicieron a otros empresarios del pa\u00eds.<\/p>\n\n\n\n<p>Guillermo Rosales aclar\u00f3 que si bien se espera un buen cierre de a\u00f1o 2024 en cuanto a la venta de veh\u00edculos, es un sexenio perdido, pues la compra venta de veh\u00edculos es un indicador natural de la econom\u00eda de un pa\u00eds.<\/p>\n\n\n\n<p>&#8220;Esperamos un cierre de a\u00f1o favorable en la venta de veh\u00edculos, esperamos que el mercado crezca 7 por ciento y cerrar arriba de 1 mill\u00f3n 450 mil unidades, en lo personal creo que vamos a estar cerca de un mill\u00f3n y medio, y en t\u00e9rminos comparativos y haces las referencias sexenal, esto estar\u00e1 siendo muy cercano a lo que fue la venta de veh\u00edculos en el 2018. Es decir, para efectos pr\u00e1cticos, estaremos ante un sexenio perdido en el comportamiento del mercado de veh\u00edculos, y como todos ustedes saben la venta de veh\u00edculos es un indicador del desenvolvimiento de la econom\u00eda y sobre todo tambi\u00e9n es un indicador muy fiable y anticipado de lo que es la econom\u00eda de las familias&#8221;, culmin\u00f3.<\/p>\n","protected":false},"excerpt":{"rendered":"<p>Alejandro \u00c1vila Veracruz, Ver.- El costo de algunos veh\u00edculos ha tenido un incremento debido a los robos de unidades que han sufrido las concesionarias por parte de la delincuencia organizada, mencion\u00f3 Guillermo Rosales Zarate, Presidente Ejecutivo de la Asociaci\u00f3n Mexicana de Distribuidores de Automotores (AMDA). El empresario mencion\u00f3 que las zonas considerados &#8220;focos rojos&#8221;, son [&hellip;]<\/p>\n","protected":false},"author":2476,"featured_media":52808,"comment_status":"open","ping_status":"open","sticky":false,"template":"","format":"standard","meta":{"_jetpack_memberships_contains_paid_content":false,"footnotes":""},"categories":[2],"tags":[],"class_list":["post-52807","post","type-post","status-publish","format-standard","has-post-thumbnail","hentry","category-estado"],"jetpack_featured_media_url":"https:\/\/encuentroinformativo.com.mx\/wp-content\/uploads\/2024\/04\/IMG-20240404-WA0004.jpg","jetpack_sharing_enabled":true,"jetpack_likes_enabled":true,"amp_enabled":true,"_links":{"self":[{"href":"https:\/\/encuentroinformativo.com.mx\/index.php?rest_route=\/wp\/v2\/posts\/52807","targetHints":{"allow":["GET"]}}],"collection":[{"href":"https:\/\/encuentroinformativo.com.mx\/index.php?rest_route=\/wp\/v2\/posts"}],"about":[{"href":"https:\/\/encuentroinformativo.com.mx\/index.php?rest_route=\/wp\/v2\/types\/post"}],"author":[{"embeddable":true,"href":"https:\/\/encuentroinformativo.com.mx\/index.php?rest_route=\/wp\/v2\/users\/2476"}],"replies":[{"embeddable":true,"href":"https:\/\/encuentroinformativo.com.mx\/index.php?rest_route=%2Fwp%2Fv2%2Fcomments&post=52807"}],"version-history":[{"count":1,"href":"https:\/\/encuentroinformativo.com.mx\/index.php?rest_route=\/wp\/v2\/posts\/52807\/revisions"}],"predecessor-version":[{"id":52809,"href":"https:\/\/encuentroinformativo.com.mx\/index.php?rest_route=\/wp\/v2\/posts\/52807\/revisions\/52809"}],"wp:featuredmedia":[{"embeddable":true,"href":"https:\/\/encuentroinformativo.com.mx\/index.php?rest_route=\/wp\/v2\/media\/52808"}],"wp:attachment":[{"href":"https:\/\/encuentroinformativo.com.mx\/index.php?rest_route=%2Fwp%2Fv2%2Fmedia&parent=52807"}],"wp:term":[{"taxonomy":"category","embeddable":true,"href":"https:\/\/encuentroinformativo.com.mx\/index.php?rest_route=%2Fwp%2Fv2%2Fcategories&post=52807"},{"taxonomy":"post_tag","embeddable":true,"href":"https:\/\/encuentroinformativo.com.mx\/index.php?rest_route=%2Fwp%2Fv2%2Ftags&post=52807"}],"curies":[{"name":"wp","href":"https:\/\/api.w.org\/{rel}","templated":true}]}}