{"id":52810,"date":"2024-04-04T11:31:07","date_gmt":"2024-04-04T17:31:07","guid":{"rendered":"https:\/\/encuentroinformativo.com.mx\/?p=52810"},"modified":"2024-04-04T11:31:12","modified_gmt":"2024-04-04T17:31:12","slug":"juez-otorga-libertad-absoluta-a-cafetaleros-acusados-por-amsa","status":"publish","type":"post","link":"https:\/\/encuentroinformativo.com.mx\/?p=52810","title":{"rendered":"Juez otorga libertad absoluta a cafetaleros acusados por AMSA"},"content":{"rendered":"\n<p><strong>Juan Arcos<\/strong><\/p>\n\n\n\n<p>Xalapa, Ver.- Un juez de Huatusco emiti\u00f3 un veredicto que deja en libertad absoluta a la exalcaldesa de Ixhuatl\u00e1n del Caf\u00e9, Viridiana Bret\u00f3n Feito, y cuatro cafetaleros, quienes hab\u00edan sido acusados del presunto delito de estragos por la empresa Agroindustrias Unidas de M\u00e9xico (AMSA).<\/p>\n\n\n\n<p>Despu\u00e9s de m\u00e1s de 10 horas de audiencia, la noche del mi\u00e9rcoles 3 de abril fue dictado el auto de libertad absoluta tambi\u00e9n para Crisanto Valiente Miram\u00f3n, Minervo Cantor Pe\u00f1a, Abraham Cabal Pulido y Cirio Ruiz Gonz\u00e1lez, quien fuera presidente del Consejo Regional del Caf\u00e9 de Coatepec.<\/p>\n\n\n\n<p>Las cinco personas fueron se\u00f1aladas por la empresa AMSA de presuntamente haber incendiado su beneficio en el municipio de Ixhuatl\u00e1n del Caf\u00e9 durante una manifestaci\u00f3n de productores que exig\u00edan precios justos.<\/p>\n\n\n\n<p>Ellos fueron arrestados el 26 de mayo de 2023 y fueron giradas \u00f3rdenes de aprehensi\u00f3n contra otras siete personas, las cuales no fueron ejecutadas.<\/p>\n\n\n\n<p>El 28 de junio del mismo a\u00f1o fueron liberados Minervo, Abraham y Cirio, por lo que siguieron en libertad el proceso penal en su contra.<\/p>\n\n\n\n<p>Mientras que Viridiana y Crisanto permanecieron en el penal La Toma de Amatl\u00e1n de los Reyes y lograron la prisi\u00f3n domiciliaria el pasado 7 de octubre.<\/p>\n\n\n\n<p>Desde el mediod\u00eda del mi\u00e9rcoles, ingresaron a la sala de audiencias, donde finalmente les otorgaron su libertad, al no encontrar delitos qu\u00e9 perseguir.<\/p>\n\n\n\n<p>Cabe recordar que los cafetaleros fueron se\u00f1alados de presuntamente participar en un incendio en el beneficio de AMSA, ubicado en el municipio de Ixhuatl\u00e1n del Caf\u00e9, en enero de 2022.<\/p>\n\n\n\n<p>Desde entonces, organizaciones cafetaleras y ambientalistas realizaron una serie de movilizaciones para exigir su libertad, reclamo que lleg\u00f3 hasta el Palacio Nacional donde se solicit\u00f3 al presidente Andr\u00e9s Manuel L\u00f3pez Obrador su intervenci\u00f3n.<\/p>\n","protected":false},"excerpt":{"rendered":"<p>Juan Arcos Xalapa, Ver.- Un juez de Huatusco emiti\u00f3 un veredicto que deja en libertad absoluta a la exalcaldesa de Ixhuatl\u00e1n del Caf\u00e9, Viridiana Bret\u00f3n Feito, y cuatro cafetaleros, quienes hab\u00edan sido acusados del presunto delito de estragos por la empresa Agroindustrias Unidas de M\u00e9xico (AMSA). Despu\u00e9s de m\u00e1s de 10 horas de audiencia, la [&hellip;]<\/p>\n","protected":false},"author":2476,"featured_media":52812,"comment_status":"open","ping_status":"open","sticky":false,"template":"","format":"standard","meta":{"_jetpack_memberships_contains_paid_content":false,"footnotes":""},"categories":[8],"tags":[],"class_list":["post-52810","post","type-post","status-publish","format-standard","has-post-thumbnail","hentry","category-region"],"jetpack_featured_media_url":"https:\/\/encuentroinformativo.com.mx\/wp-content\/uploads\/2024\/04\/383e877b-51cb-4384-9d75-e9be6deefe422.jpg","jetpack_sharing_enabled":true,"jetpack_likes_enabled":true,"amp_enabled":true,"_links":{"self":[{"href":"https:\/\/encuentroinformativo.com.mx\/index.php?rest_route=\/wp\/v2\/posts\/52810","targetHints":{"allow":["GET"]}}],"collection":[{"href":"https:\/\/encuentroinformativo.com.mx\/index.php?rest_route=\/wp\/v2\/posts"}],"about":[{"href":"https:\/\/encuentroinformativo.com.mx\/index.php?rest_route=\/wp\/v2\/types\/post"}],"author":[{"embeddable":true,"href":"https:\/\/encuentroinformativo.com.mx\/index.php?rest_route=\/wp\/v2\/users\/2476"}],"replies":[{"embeddable":true,"href":"https:\/\/encuentroinformativo.com.mx\/index.php?rest_route=%2Fwp%2Fv2%2Fcomments&post=52810"}],"version-history":[{"count":1,"href":"https:\/\/encuentroinformativo.com.mx\/index.php?rest_route=\/wp\/v2\/posts\/52810\/revisions"}],"predecessor-version":[{"id":52813,"href":"https:\/\/encuentroinformativo.com.mx\/index.php?rest_route=\/wp\/v2\/posts\/52810\/revisions\/52813"}],"wp:featuredmedia":[{"embeddable":true,"href":"https:\/\/encuentroinformativo.com.mx\/index.php?rest_route=\/wp\/v2\/media\/52812"}],"wp:attachment":[{"href":"https:\/\/encuentroinformativo.com.mx\/index.php?rest_route=%2Fwp%2Fv2%2Fmedia&parent=52810"}],"wp:term":[{"taxonomy":"category","embeddable":true,"href":"https:\/\/encuentroinformativo.com.mx\/index.php?rest_route=%2Fwp%2Fv2%2Fcategories&post=52810"},{"taxonomy":"post_tag","embeddable":true,"href":"https:\/\/encuentroinformativo.com.mx\/index.php?rest_route=%2Fwp%2Fv2%2Ftags&post=52810"}],"curies":[{"name":"wp","href":"https:\/\/api.w.org\/{rel}","templated":true}]}}