{"id":52824,"date":"2024-04-04T12:34:45","date_gmt":"2024-04-04T18:34:45","guid":{"rendered":"https:\/\/encuentroinformativo.com.mx\/?p=52824"},"modified":"2024-04-04T12:34:50","modified_gmt":"2024-04-04T18:34:50","slug":"en-perote-incendio-fue-provocado-ejidatarios","status":"publish","type":"post","link":"https:\/\/encuentroinformativo.com.mx\/?p=52824","title":{"rendered":"En Perote, incendio fue provocado: Ejidatarios"},"content":{"rendered":"\n<p><strong>Dar\u00edo Pale <\/strong><\/p>\n\n\n\n<p>Xalapa, Ver.- Miguel \u00c1ngel Gallardo, Comisario Ejidal dio a conocer que el incendio forestal del paraje La Tepecilera, en Perote, fue provocado por una persona que padece de sus facultades mentales, estiman un \u00e1rea afectada de 14 hect\u00e1reas.<\/p>\n\n\n\n<p>En entrevista se\u00f1al\u00f3 que, &#8220;fue un incendio provocado, una persona que est\u00e1 un poquito mal de sus facultades mentales. Y yo considero que le da gusto ver a la gente apagando el incendio\u201d.<\/p>\n\n\n\n<p>El incendio comenz\u00f3 cerca de las 11:00 horas del pasado martes 2 de abril, la persona que lo provoc\u00f3 ya fue identificada, aunque las autoridades no han podido detenerla pese a haber realizado algunos recorridos.<\/p>\n\n\n\n<p>\u201cLa polic\u00eda nos habl\u00f3 que por ac\u00e1 andaba la persona. Ya venimos, ya la ubicamos qui\u00e9n es, nada m\u00e1s que desafortunadamente no la hemos encontrado\u201d, se\u00f1al\u00f3.<\/p>\n\n\n\n<p>Brigadas de la Secretar\u00eda de la Defensa Nacional, la Comisi\u00f3n Nacional Forestal, miembros del ejido y pobladores de comunidades aleda\u00f1as combaten el fuego.<\/p>\n\n\n\n<p>Ante ello, reciben apoyo de autoridades y pobladores que cada a\u00f1o se preparan para la temporada de incendios forestales en esta regi\u00f3n de Veracruz.<\/p>\n\n\n\n<p>Miguel \u00c1ngel Gallardo coment\u00f3 que, \u201cdebido a la incidencia de incendios por estas fechas, que ahorita desafortunadamente son provocados, estamos preparados para evitar precisamente ese tipo de desastres\u201d.<\/p>\n","protected":false},"excerpt":{"rendered":"<p>Dar\u00edo Pale Xalapa, Ver.- Miguel \u00c1ngel Gallardo, Comisario Ejidal dio a conocer que el incendio forestal del paraje La Tepecilera, en Perote, fue provocado por una persona que padece de sus facultades mentales, estiman un \u00e1rea afectada de 14 hect\u00e1reas. En entrevista se\u00f1al\u00f3 que, &#8220;fue un incendio provocado, una persona que est\u00e1 un poquito mal [&hellip;]<\/p>\n","protected":false},"author":2476,"featured_media":52825,"comment_status":"open","ping_status":"open","sticky":false,"template":"","format":"standard","meta":{"_jetpack_memberships_contains_paid_content":false,"footnotes":""},"categories":[8],"tags":[],"class_list":["post-52824","post","type-post","status-publish","format-standard","has-post-thumbnail","hentry","category-region"],"jetpack_featured_media_url":"https:\/\/encuentroinformativo.com.mx\/wp-content\/uploads\/2024\/04\/IMG-20240404-WA00062.jpg","jetpack_sharing_enabled":true,"jetpack_likes_enabled":true,"amp_enabled":true,"_links":{"self":[{"href":"https:\/\/encuentroinformativo.com.mx\/index.php?rest_route=\/wp\/v2\/posts\/52824","targetHints":{"allow":["GET"]}}],"collection":[{"href":"https:\/\/encuentroinformativo.com.mx\/index.php?rest_route=\/wp\/v2\/posts"}],"about":[{"href":"https:\/\/encuentroinformativo.com.mx\/index.php?rest_route=\/wp\/v2\/types\/post"}],"author":[{"embeddable":true,"href":"https:\/\/encuentroinformativo.com.mx\/index.php?rest_route=\/wp\/v2\/users\/2476"}],"replies":[{"embeddable":true,"href":"https:\/\/encuentroinformativo.com.mx\/index.php?rest_route=%2Fwp%2Fv2%2Fcomments&post=52824"}],"version-history":[{"count":1,"href":"https:\/\/encuentroinformativo.com.mx\/index.php?rest_route=\/wp\/v2\/posts\/52824\/revisions"}],"predecessor-version":[{"id":52826,"href":"https:\/\/encuentroinformativo.com.mx\/index.php?rest_route=\/wp\/v2\/posts\/52824\/revisions\/52826"}],"wp:featuredmedia":[{"embeddable":true,"href":"https:\/\/encuentroinformativo.com.mx\/index.php?rest_route=\/wp\/v2\/media\/52825"}],"wp:attachment":[{"href":"https:\/\/encuentroinformativo.com.mx\/index.php?rest_route=%2Fwp%2Fv2%2Fmedia&parent=52824"}],"wp:term":[{"taxonomy":"category","embeddable":true,"href":"https:\/\/encuentroinformativo.com.mx\/index.php?rest_route=%2Fwp%2Fv2%2Fcategories&post=52824"},{"taxonomy":"post_tag","embeddable":true,"href":"https:\/\/encuentroinformativo.com.mx\/index.php?rest_route=%2Fwp%2Fv2%2Ftags&post=52824"}],"curies":[{"name":"wp","href":"https:\/\/api.w.org\/{rel}","templated":true}]}}