{"id":52832,"date":"2024-04-04T12:52:48","date_gmt":"2024-04-04T18:52:48","guid":{"rendered":"https:\/\/encuentroinformativo.com.mx\/?p=52832"},"modified":"2024-04-04T12:52:53","modified_gmt":"2024-04-04T18:52:53","slug":"se-suma-memo-herrada-a-campana-de-pepe-yunes","status":"publish","type":"post","link":"https:\/\/encuentroinformativo.com.mx\/?p=52832","title":{"rendered":"Se suma Memo Herrada a campa\u00f1a de Pepe Yunes"},"content":{"rendered":"\n<p><strong>Alejandro \u00c1vila<\/strong><\/p>\n\n\n\n<p>Medell\u00edn de Bravo, Ver.- A trav\u00e9s de redes sociales, el empresario, Guillermo Herrada Jim\u00e9nez, dio a conocer que se suma a la campa\u00f1a del candidato a la gubernatura de Veracruz, Jos\u00e9 Francisco Yunes Zorrilla.<\/p>\n\n\n\n<p>Memo Herrada, un empresario altruista y activista en la zona de Medell\u00edn de Bravo fue candidato a la alcald\u00eda por Movimiento Ciudadano hace 3 a\u00f1os; a pesar de no lograr la victoria en 2021, continu\u00f3 trabajando con su estructura y expandiendo sus v\u00ednculos con la ciudadan\u00eda, ofreci\u00e9ndoles apoyos educativos, de salud y talleres de emprendimiento.<\/p>\n\n\n\n<p>A trav\u00e9s de la Fundaci\u00f3n MEMOtiva, el empresario ha conseguido becas estudiantiles, cirug\u00edas de labio leporino, entrega de medicamentos, y ha sido el v\u00ednculo para conseguirles empleo a cientos de medellinenses, entre otras.<\/p>\n\n\n\n<p>Como era de esperarse, caus\u00f3 sorpresa su mensaje en redes sociales, aunque la ciudadan\u00eda medellinense le dio su respaldo; es de mencionar que todos los apoyos que brinda la Fundaci\u00f3n MEMOtiva, es \u00fanica y exclusivamente para los ciudadanos de Medell\u00edn de Bravo, municipio que tiene un rezago en infraestructura y servicios b\u00e1sicos.<\/p>\n\n\n\n<p>&#8220;Reconoc\u00ed en Pepe tremendamente su trato a las personas, porque ustedes saben que yo no soy gente de partido, ni colores, ni clases, lo principal para m\u00ed es el cari\u00f1o, amor y el ver como beneficiar a la gente que lo necesita&#8221;<\/p>\n\n\n\n<p>&#8220;Escuch\u00e9 bien las palabras de nuestro amigo #Pepe y pude ver, que \u00e9l sabe perfectamente lo que requiere nuestra gente y lo m\u00e1s importante que realizar\u00e1 acciones que mejoren la calidad de vida de los medellinenses y en eso coincidimos&#8221;.<\/p>\n\n\n\n<p>&#8220;Y si hoy, estoy con Pepe Yunes, es porque estoy convencido de que \u00e9l me ayudar\u00e1 a sacar adelante a #Medell\u00edn&#8221;, dice parte de su comunicado.<\/p>\n","protected":false},"excerpt":{"rendered":"<p>Alejandro \u00c1vila Medell\u00edn de Bravo, Ver.- A trav\u00e9s de redes sociales, el empresario, Guillermo Herrada Jim\u00e9nez, dio a conocer que se suma a la campa\u00f1a del candidato a la gubernatura de Veracruz, Jos\u00e9 Francisco Yunes Zorrilla. Memo Herrada, un empresario altruista y activista en la zona de Medell\u00edn de Bravo fue candidato a la alcald\u00eda [&hellip;]<\/p>\n","protected":false},"author":2476,"featured_media":52833,"comment_status":"open","ping_status":"open","sticky":false,"template":"","format":"standard","meta":{"_jetpack_memberships_contains_paid_content":false,"footnotes":""},"categories":[2],"tags":[],"class_list":["post-52832","post","type-post","status-publish","format-standard","has-post-thumbnail","hentry","category-estado"],"jetpack_featured_media_url":"https:\/\/encuentroinformativo.com.mx\/wp-content\/uploads\/2024\/04\/IMG-20240404-WA00132.jpg","jetpack_sharing_enabled":true,"jetpack_likes_enabled":true,"amp_enabled":true,"_links":{"self":[{"href":"https:\/\/encuentroinformativo.com.mx\/index.php?rest_route=\/wp\/v2\/posts\/52832","targetHints":{"allow":["GET"]}}],"collection":[{"href":"https:\/\/encuentroinformativo.com.mx\/index.php?rest_route=\/wp\/v2\/posts"}],"about":[{"href":"https:\/\/encuentroinformativo.com.mx\/index.php?rest_route=\/wp\/v2\/types\/post"}],"author":[{"embeddable":true,"href":"https:\/\/encuentroinformativo.com.mx\/index.php?rest_route=\/wp\/v2\/users\/2476"}],"replies":[{"embeddable":true,"href":"https:\/\/encuentroinformativo.com.mx\/index.php?rest_route=%2Fwp%2Fv2%2Fcomments&post=52832"}],"version-history":[{"count":1,"href":"https:\/\/encuentroinformativo.com.mx\/index.php?rest_route=\/wp\/v2\/posts\/52832\/revisions"}],"predecessor-version":[{"id":52834,"href":"https:\/\/encuentroinformativo.com.mx\/index.php?rest_route=\/wp\/v2\/posts\/52832\/revisions\/52834"}],"wp:featuredmedia":[{"embeddable":true,"href":"https:\/\/encuentroinformativo.com.mx\/index.php?rest_route=\/wp\/v2\/media\/52833"}],"wp:attachment":[{"href":"https:\/\/encuentroinformativo.com.mx\/index.php?rest_route=%2Fwp%2Fv2%2Fmedia&parent=52832"}],"wp:term":[{"taxonomy":"category","embeddable":true,"href":"https:\/\/encuentroinformativo.com.mx\/index.php?rest_route=%2Fwp%2Fv2%2Fcategories&post=52832"},{"taxonomy":"post_tag","embeddable":true,"href":"https:\/\/encuentroinformativo.com.mx\/index.php?rest_route=%2Fwp%2Fv2%2Ftags&post=52832"}],"curies":[{"name":"wp","href":"https:\/\/api.w.org\/{rel}","templated":true}]}}