{"id":52838,"date":"2024-04-04T14:46:47","date_gmt":"2024-04-04T20:46:47","guid":{"rendered":"https:\/\/encuentroinformativo.com.mx\/?p=52838"},"modified":"2024-04-04T14:46:52","modified_gmt":"2024-04-04T20:46:52","slug":"invitan-jovenes-a-dialogo-con-pepe-yunes","status":"publish","type":"post","link":"https:\/\/encuentroinformativo.com.mx\/?p=52838","title":{"rendered":"Invitan j\u00f3venes a di\u00e1logo con Pepe Yunes"},"content":{"rendered":"\n<p><strong>Dar\u00edo Pale <\/strong><\/p>\n\n\n\n<p>Xalapa, Ver.- La Coordinadora Estatal Juvenil de Poder Ciudadano, Leah Schuster, invit\u00f3 a la ciudadan\u00eda a un di\u00e1logo con el candidato a gobernador por la coalici\u00f3n Fuerza y Coraz\u00f3n por Veracruz, Jose Yunes Zorrilla.\u00a0<\/p>\n\n\n\n<p>En conferencia de prensa, la organizaci\u00f3n &#8220;Poder Ciudadano MX \u00d7 MX Veracruz&#8221;, asegur\u00f3 que los ciudadanos podr\u00e1n externar las propuestas en rubros como: educaci\u00f3n, econom\u00eda, seguridad, juventud, g\u00e9nero, salud, entre otras.<\/p>\n\n\n\n<p>&#8220;Es un evento totalmente ciudadano en el que el lema es &#8216;t\u00fa propones, Pepe escucha&#8217;, invitamos a todos los ciudadanos de todas las edades; j\u00f3venes, grandes, de la tercera edad, quien quiera asistir que tenga inquietudes o propuestas para plantearle al candidato&#8221;, se\u00f1al\u00f3.<\/p>\n\n\n\n<p>Al respecto, indic\u00f3 que es importante estar informado para votar, escuchando las propuestas de los candidatos.\u00a0<\/p>\n\n\n\n<p>En este sentido, dijo que la seguridad, la educaci\u00f3n y la salud son los principales ejes que debe trabajar el siguiente gobierno.\u00a0<\/p>\n\n\n\n<p>Se dio a conocer que el di\u00e1logo ciudadano ser\u00e1 el pr\u00f3ximo domingo 14 de abril a las 11:00 horas en el Sal\u00f3n Ghal.<\/p>\n","protected":false},"excerpt":{"rendered":"<p>Dar\u00edo Pale Xalapa, Ver.- La Coordinadora Estatal Juvenil de Poder Ciudadano, Leah Schuster, invit\u00f3 a la ciudadan\u00eda a un di\u00e1logo con el candidato a gobernador por la coalici\u00f3n Fuerza y Coraz\u00f3n por Veracruz, Jose Yunes Zorrilla.\u00a0 En conferencia de prensa, la organizaci\u00f3n &#8220;Poder Ciudadano MX \u00d7 MX Veracruz&#8221;, asegur\u00f3 que los ciudadanos podr\u00e1n externar las [&hellip;]<\/p>\n","protected":false},"author":2476,"featured_media":52839,"comment_status":"open","ping_status":"open","sticky":false,"template":"","format":"standard","meta":{"_jetpack_memberships_contains_paid_content":false,"footnotes":""},"categories":[3],"tags":[],"class_list":["post-52838","post","type-post","status-publish","format-standard","has-post-thumbnail","hentry","category-xalapa"],"jetpack_featured_media_url":"https:\/\/encuentroinformativo.com.mx\/wp-content\/uploads\/2024\/04\/IMG-20240404-WA0054.jpg","jetpack_sharing_enabled":true,"jetpack_likes_enabled":true,"amp_enabled":true,"_links":{"self":[{"href":"https:\/\/encuentroinformativo.com.mx\/index.php?rest_route=\/wp\/v2\/posts\/52838","targetHints":{"allow":["GET"]}}],"collection":[{"href":"https:\/\/encuentroinformativo.com.mx\/index.php?rest_route=\/wp\/v2\/posts"}],"about":[{"href":"https:\/\/encuentroinformativo.com.mx\/index.php?rest_route=\/wp\/v2\/types\/post"}],"author":[{"embeddable":true,"href":"https:\/\/encuentroinformativo.com.mx\/index.php?rest_route=\/wp\/v2\/users\/2476"}],"replies":[{"embeddable":true,"href":"https:\/\/encuentroinformativo.com.mx\/index.php?rest_route=%2Fwp%2Fv2%2Fcomments&post=52838"}],"version-history":[{"count":1,"href":"https:\/\/encuentroinformativo.com.mx\/index.php?rest_route=\/wp\/v2\/posts\/52838\/revisions"}],"predecessor-version":[{"id":52840,"href":"https:\/\/encuentroinformativo.com.mx\/index.php?rest_route=\/wp\/v2\/posts\/52838\/revisions\/52840"}],"wp:featuredmedia":[{"embeddable":true,"href":"https:\/\/encuentroinformativo.com.mx\/index.php?rest_route=\/wp\/v2\/media\/52839"}],"wp:attachment":[{"href":"https:\/\/encuentroinformativo.com.mx\/index.php?rest_route=%2Fwp%2Fv2%2Fmedia&parent=52838"}],"wp:term":[{"taxonomy":"category","embeddable":true,"href":"https:\/\/encuentroinformativo.com.mx\/index.php?rest_route=%2Fwp%2Fv2%2Fcategories&post=52838"},{"taxonomy":"post_tag","embeddable":true,"href":"https:\/\/encuentroinformativo.com.mx\/index.php?rest_route=%2Fwp%2Fv2%2Ftags&post=52838"}],"curies":[{"name":"wp","href":"https:\/\/api.w.org\/{rel}","templated":true}]}}