{"id":52853,"date":"2024-04-05T09:18:19","date_gmt":"2024-04-05T15:18:19","guid":{"rendered":"https:\/\/encuentroinformativo.com.mx\/?p=52853"},"modified":"2024-04-05T12:04:06","modified_gmt":"2024-04-05T18:04:06","slug":"sofia-yunes-deja-movimiento-ciudadano-veracruz","status":"publish","type":"post","link":"https:\/\/encuentroinformativo.com.mx\/?p=52853","title":{"rendered":"Sof\u00eda Yunes deja Movimiento Ciudadano Veracruz"},"content":{"rendered":"\n<p><strong>Alejandro \u00c1vila<\/strong><\/p>\n\n\n\n<p>Veracruz, Ver.- En pleno proceso electoral, Sof\u00eda Yunes Gamboa anunci\u00f3 su salida de Movimiento Ciudadano Veracruz; la influencer acus\u00f3 al partido naranja de ser &#8220;esquirol&#8221; de Morena.<\/p>\n\n\n\n<p>Hace unos d\u00edas la influencer hab\u00eda publicado en su red social X que, en toda su carrera pol\u00edtica nunca hab\u00eda tenido un &#8220;padrino&#8221;, y su proyecto es con las y por los ciudadanos, y que gracias a ello se hab\u00eda convertido en el primer referente de Movimiento Ciudadano en Veracruz.<\/p>\n\n\n\n<p>&#8220;Hoy quiero compartirles que he decidido renunciar a Movimiento Ciudadano y emprender un nuevo camino, y la decisi\u00f3n la he tomado por que Movimiento Ciudadano ya no tiene un proyecto propio, se puso al servicio de un gobierno y se volvi\u00f3 un partido esquirol de Morena y yo no me pienso prestar a ello&#8221;.<\/p>\n\n\n\n<p>&#8220;Yo cre\u00ed en el proyecto, cre\u00ed en sus dirigentes y me han decepcionado mucho, y no solo a m\u00ed, sino a los ciudadanos que pens\u00e1bamos que est\u00e1bamos en un proyecto que pod\u00edan representar a Veracruz, que pod\u00edan defender nuestras causas, pero hoy me doy cuenta que Movimiento Ciudadano no representa ni a las juventudes, no nos representan ni a las mujeres y mucho menos representa una nueva pol\u00edtica, por eso tom\u00e9 la decisi\u00f3n de dejar el proyecto de Movimiento Ciudadano&#8221;, se\u00f1al\u00f3 en un video subido a su red social X.<\/p>\n\n\n\n<p>Es de mencionar que, Sof\u00eda Yunes se hab\u00eda convertido en el mayor activo de Movimiento Ciudadano en Veracruz, pues en la \u00faltima elecci\u00f3n fue la candidata que mayor votaci\u00f3n tuvo para el partido naranja con m\u00e1s de 18 mil votos; para este proceso electoral se presum\u00eda ser\u00eda la abanderada en el Distrito 17 local con cabecera en Alvarado.<\/p>\n\n\n\n<p>Para terminar su video, Sof\u00eda Yunes agradeci\u00f3 a todas las personas que la han acompa\u00f1ado en su proyectos pol\u00edticos, y aclar\u00f3 que al momento no ha decidido que camino tomar, &#8220;estoy segura que seguiremos sirviendo a Veracruz desde nuestra trinchera&#8221;, culmin\u00f3.<\/p>\n","protected":false},"excerpt":{"rendered":"<p>Alejandro \u00c1vila Veracruz, Ver.- En pleno proceso electoral, Sof\u00eda Yunes Gamboa anunci\u00f3 su salida de Movimiento Ciudadano Veracruz; la influencer acus\u00f3 al partido naranja de ser &#8220;esquirol&#8221; de Morena. Hace unos d\u00edas la influencer hab\u00eda publicado en su red social X que, en toda su carrera pol\u00edtica nunca hab\u00eda tenido un &#8220;padrino&#8221;, y su proyecto [&hellip;]<\/p>\n","protected":false},"author":2476,"featured_media":52854,"comment_status":"open","ping_status":"open","sticky":false,"template":"","format":"standard","meta":{"_jetpack_memberships_contains_paid_content":false,"footnotes":""},"categories":[2],"tags":[],"class_list":["post-52853","post","type-post","status-publish","format-standard","has-post-thumbnail","hentry","category-estado"],"jetpack_featured_media_url":"https:\/\/encuentroinformativo.com.mx\/wp-content\/uploads\/2024\/04\/IMG-20240405-WA00052.jpg","jetpack_sharing_enabled":true,"jetpack_likes_enabled":true,"amp_enabled":true,"_links":{"self":[{"href":"https:\/\/encuentroinformativo.com.mx\/index.php?rest_route=\/wp\/v2\/posts\/52853","targetHints":{"allow":["GET"]}}],"collection":[{"href":"https:\/\/encuentroinformativo.com.mx\/index.php?rest_route=\/wp\/v2\/posts"}],"about":[{"href":"https:\/\/encuentroinformativo.com.mx\/index.php?rest_route=\/wp\/v2\/types\/post"}],"author":[{"embeddable":true,"href":"https:\/\/encuentroinformativo.com.mx\/index.php?rest_route=\/wp\/v2\/users\/2476"}],"replies":[{"embeddable":true,"href":"https:\/\/encuentroinformativo.com.mx\/index.php?rest_route=%2Fwp%2Fv2%2Fcomments&post=52853"}],"version-history":[{"count":2,"href":"https:\/\/encuentroinformativo.com.mx\/index.php?rest_route=\/wp\/v2\/posts\/52853\/revisions"}],"predecessor-version":[{"id":52865,"href":"https:\/\/encuentroinformativo.com.mx\/index.php?rest_route=\/wp\/v2\/posts\/52853\/revisions\/52865"}],"wp:featuredmedia":[{"embeddable":true,"href":"https:\/\/encuentroinformativo.com.mx\/index.php?rest_route=\/wp\/v2\/media\/52854"}],"wp:attachment":[{"href":"https:\/\/encuentroinformativo.com.mx\/index.php?rest_route=%2Fwp%2Fv2%2Fmedia&parent=52853"}],"wp:term":[{"taxonomy":"category","embeddable":true,"href":"https:\/\/encuentroinformativo.com.mx\/index.php?rest_route=%2Fwp%2Fv2%2Fcategories&post=52853"},{"taxonomy":"post_tag","embeddable":true,"href":"https:\/\/encuentroinformativo.com.mx\/index.php?rest_route=%2Fwp%2Fv2%2Ftags&post=52853"}],"curies":[{"name":"wp","href":"https:\/\/api.w.org\/{rel}","templated":true}]}}