{"id":52862,"date":"2024-04-05T12:00:43","date_gmt":"2024-04-05T18:00:43","guid":{"rendered":"https:\/\/encuentroinformativo.com.mx\/?p=52862"},"modified":"2024-04-05T12:00:48","modified_gmt":"2024-04-05T18:00:48","slug":"necesario-respetar-division-de-poderes-en-veracruz-angelica-sanchez","status":"publish","type":"post","link":"https:\/\/encuentroinformativo.com.mx\/?p=52862","title":{"rendered":"Necesario respetar divisi\u00f3n de poderes en Veracruz: Ang\u00e9lica S\u00e1nchez"},"content":{"rendered":"\n<p><strong>Dar\u00edo Pale <\/strong><\/p>\n\n\n\n<p>Xalapa, Ver.- Afirm\u00f3 que en estos seis a\u00f1os de gobierno de Cuitl\u00e1huac Garc\u00eda, se pasaron por el &#8220;arco del triunfo&#8221; la divisi\u00f3n de poderes, as\u00ed lo dio a conocer la candidata al Senado por Movimiento Ciudadano, Ang\u00e9lica S\u00e1nchez Hern\u00e1ndez.<\/p>\n\n\n\n<p>Sostuvo que seguir\u00e1 luchando por la justicia y porque en la entidad se respete el estado de derecho, as\u00ed como la divisi\u00f3n de poderes.<\/p>\n\n\n\n<p>&#8220;Durante este sexenio morenista se lo pasaron por el arco del triunfo porque ah\u00ed vemos los mandatos que Cuitl\u00e1huac le hac\u00eda a la presidenta del Poder Judicial que ya casi se trataban como compadres&#8221;, critic\u00f3.<\/p>\n\n\n\n<p>La exjueza del Poder Judicial de Veracruz reconoci\u00f3 que probablemente ahorita est\u00e9n separados, pero ya le hicieron da\u00f1o a Veracruz.<\/p>\n\n\n\n<p>En otro tema, respecto de la causa penal que se le sigue ante la Fiscal\u00eda General de la Rep\u00fablica, coment\u00f3 que le solicitaron que aportara pruebas, lo cual ya hizo, por lo que continuar\u00e1 el proceso y se determine lo procedente.<\/p>\n\n\n\n<p>Dijo que se siente tranquila porque no uso ning\u00fan arma, es decir, s\u00ed la hicieron disparar un arma los elementos de la SSP,\u00a0 pero ella no agredi\u00f3 a ning\u00fan elemento.<\/p>\n\n\n\n<p>Finalmente dio a conocer que &#8220;estar\u00eda yo como loca de atentar contra 7 u 8 polic\u00edas a disparos, es algo totalmente inveros\u00edmil. Yo creo la justicia va a prevalecer&#8221;.<\/p>\n","protected":false},"excerpt":{"rendered":"<p>Dar\u00edo Pale Xalapa, Ver.- Afirm\u00f3 que en estos seis a\u00f1os de gobierno de Cuitl\u00e1huac Garc\u00eda, se pasaron por el &#8220;arco del triunfo&#8221; la divisi\u00f3n de poderes, as\u00ed lo dio a conocer la candidata al Senado por Movimiento Ciudadano, Ang\u00e9lica S\u00e1nchez Hern\u00e1ndez. Sostuvo que seguir\u00e1 luchando por la justicia y porque en la entidad se respete [&hellip;]<\/p>\n","protected":false},"author":2476,"featured_media":52863,"comment_status":"open","ping_status":"open","sticky":false,"template":"","format":"standard","meta":{"_jetpack_memberships_contains_paid_content":false,"footnotes":""},"categories":[2],"tags":[],"class_list":["post-52862","post","type-post","status-publish","format-standard","has-post-thumbnail","hentry","category-estado"],"jetpack_featured_media_url":"https:\/\/encuentroinformativo.com.mx\/wp-content\/uploads\/2024\/04\/IMG-20240405-WA00212.jpg","jetpack_sharing_enabled":true,"jetpack_likes_enabled":true,"amp_enabled":true,"_links":{"self":[{"href":"https:\/\/encuentroinformativo.com.mx\/index.php?rest_route=\/wp\/v2\/posts\/52862","targetHints":{"allow":["GET"]}}],"collection":[{"href":"https:\/\/encuentroinformativo.com.mx\/index.php?rest_route=\/wp\/v2\/posts"}],"about":[{"href":"https:\/\/encuentroinformativo.com.mx\/index.php?rest_route=\/wp\/v2\/types\/post"}],"author":[{"embeddable":true,"href":"https:\/\/encuentroinformativo.com.mx\/index.php?rest_route=\/wp\/v2\/users\/2476"}],"replies":[{"embeddable":true,"href":"https:\/\/encuentroinformativo.com.mx\/index.php?rest_route=%2Fwp%2Fv2%2Fcomments&post=52862"}],"version-history":[{"count":1,"href":"https:\/\/encuentroinformativo.com.mx\/index.php?rest_route=\/wp\/v2\/posts\/52862\/revisions"}],"predecessor-version":[{"id":52864,"href":"https:\/\/encuentroinformativo.com.mx\/index.php?rest_route=\/wp\/v2\/posts\/52862\/revisions\/52864"}],"wp:featuredmedia":[{"embeddable":true,"href":"https:\/\/encuentroinformativo.com.mx\/index.php?rest_route=\/wp\/v2\/media\/52863"}],"wp:attachment":[{"href":"https:\/\/encuentroinformativo.com.mx\/index.php?rest_route=%2Fwp%2Fv2%2Fmedia&parent=52862"}],"wp:term":[{"taxonomy":"category","embeddable":true,"href":"https:\/\/encuentroinformativo.com.mx\/index.php?rest_route=%2Fwp%2Fv2%2Fcategories&post=52862"},{"taxonomy":"post_tag","embeddable":true,"href":"https:\/\/encuentroinformativo.com.mx\/index.php?rest_route=%2Fwp%2Fv2%2Ftags&post=52862"}],"curies":[{"name":"wp","href":"https:\/\/api.w.org\/{rel}","templated":true}]}}