{"id":52866,"date":"2024-04-05T13:08:55","date_gmt":"2024-04-05T19:08:55","guid":{"rendered":"https:\/\/encuentroinformativo.com.mx\/?p=52866"},"modified":"2024-04-05T13:09:02","modified_gmt":"2024-04-05T19:09:02","slug":"reduccion-de-tarifa-dac-en-veracruz-tendra-un-beneficio-minimo","status":"publish","type":"post","link":"https:\/\/encuentroinformativo.com.mx\/?p=52866","title":{"rendered":"Reducci\u00f3n de Tarifa DAC en Veracruz tendr\u00e1 un beneficio m\u00ednimo"},"content":{"rendered":"\n<p><strong>Alejandro \u00c1vila<\/strong><\/p>\n\n\n\n<p>Veracruz, Ver.- El reciente ajuste que anunciaron la Secretar\u00eda de Hacienda y Cr\u00e9dito P\u00fablico (SHCP) en conjunto con la Comisi\u00f3n Federal de Electricidad (CFE), sobre la tarifa de energ\u00eda el\u00e9ctrica para Veracruz, ser\u00e1 de beneficio m\u00ednimo para los ciudadanos, debido a que \u00fanicamente es para quienes tienen Tarifa DAC (Tarifa Dom\u00e9stica de Alto Consumo), inform\u00f3 Gustavo Mendoza Barr\u00f3n, presidente del Colegio de de Ingenieros Mec\u00e1nicos y Electricistas.<\/p>\n\n\n\n<p>El colegiado mencion\u00f3 que el ajuste de esta tarifa es favorable en un 4.22 por ciento; sin embargo, aclar\u00f3 que la mayor\u00eda de los usuarios en Veracruz tienen la Tarifa 1C, por lo cual no se ver\u00e1n beneficiados con este cambio.<\/p>\n\n\n\n<p>&#8220;Como en este a\u00f1o se pronostican altas temperaturas, probablemente alguna temperatura alta hist\u00f3rica, es por esta raz\u00f3n que anuncian ese ajuste de tarifa (\u2026) cu\u00e1l es la diferencia, por qu\u00e9 no en la tarifa 1C, en la tarifa 1C nosotros tenemos el ajuste tarifario para verano, y en invierno un ajuste normal, entonces para verano tenemos ese beneficio, Tarifa DAC es algo permanente&#8221;, expres\u00f3.<\/p>\n\n\n\n<p>En otro tema, Gustavo Mendoza, dijo que la infraestructura de CFE siempre es mejorable, y a pesar de que en Veracruz est\u00e1n haciendo los ajustes, siempre es un problema el tema de corrosi\u00f3n y salinidad, por lo cual debe estar en constante monitoreo.<\/p>\n","protected":false},"excerpt":{"rendered":"<p>Alejandro \u00c1vila Veracruz, Ver.- El reciente ajuste que anunciaron la Secretar\u00eda de Hacienda y Cr\u00e9dito P\u00fablico (SHCP) en conjunto con la Comisi\u00f3n Federal de Electricidad (CFE), sobre la tarifa de energ\u00eda el\u00e9ctrica para Veracruz, ser\u00e1 de beneficio m\u00ednimo para los ciudadanos, debido a que \u00fanicamente es para quienes tienen Tarifa DAC (Tarifa Dom\u00e9stica de Alto [&hellip;]<\/p>\n","protected":false},"author":2476,"featured_media":52867,"comment_status":"open","ping_status":"open","sticky":false,"template":"","format":"standard","meta":{"_jetpack_memberships_contains_paid_content":false,"footnotes":""},"categories":[2],"tags":[],"class_list":["post-52866","post","type-post","status-publish","format-standard","has-post-thumbnail","hentry","category-estado"],"jetpack_featured_media_url":"https:\/\/encuentroinformativo.com.mx\/wp-content\/uploads\/2024\/04\/IMG-20240405-WA00232.jpg","jetpack_sharing_enabled":true,"jetpack_likes_enabled":true,"amp_enabled":true,"_links":{"self":[{"href":"https:\/\/encuentroinformativo.com.mx\/index.php?rest_route=\/wp\/v2\/posts\/52866","targetHints":{"allow":["GET"]}}],"collection":[{"href":"https:\/\/encuentroinformativo.com.mx\/index.php?rest_route=\/wp\/v2\/posts"}],"about":[{"href":"https:\/\/encuentroinformativo.com.mx\/index.php?rest_route=\/wp\/v2\/types\/post"}],"author":[{"embeddable":true,"href":"https:\/\/encuentroinformativo.com.mx\/index.php?rest_route=\/wp\/v2\/users\/2476"}],"replies":[{"embeddable":true,"href":"https:\/\/encuentroinformativo.com.mx\/index.php?rest_route=%2Fwp%2Fv2%2Fcomments&post=52866"}],"version-history":[{"count":1,"href":"https:\/\/encuentroinformativo.com.mx\/index.php?rest_route=\/wp\/v2\/posts\/52866\/revisions"}],"predecessor-version":[{"id":52868,"href":"https:\/\/encuentroinformativo.com.mx\/index.php?rest_route=\/wp\/v2\/posts\/52866\/revisions\/52868"}],"wp:featuredmedia":[{"embeddable":true,"href":"https:\/\/encuentroinformativo.com.mx\/index.php?rest_route=\/wp\/v2\/media\/52867"}],"wp:attachment":[{"href":"https:\/\/encuentroinformativo.com.mx\/index.php?rest_route=%2Fwp%2Fv2%2Fmedia&parent=52866"}],"wp:term":[{"taxonomy":"category","embeddable":true,"href":"https:\/\/encuentroinformativo.com.mx\/index.php?rest_route=%2Fwp%2Fv2%2Fcategories&post=52866"},{"taxonomy":"post_tag","embeddable":true,"href":"https:\/\/encuentroinformativo.com.mx\/index.php?rest_route=%2Fwp%2Fv2%2Ftags&post=52866"}],"curies":[{"name":"wp","href":"https:\/\/api.w.org\/{rel}","templated":true}]}}