{"id":52869,"date":"2024-04-05T13:34:46","date_gmt":"2024-04-05T19:34:46","guid":{"rendered":"https:\/\/encuentroinformativo.com.mx\/?p=52869"},"modified":"2024-04-05T13:34:52","modified_gmt":"2024-04-05T19:34:52","slug":"aumenta-solicitud-de-becas-escolares-en-zonas-rurales-de-veracruz","status":"publish","type":"post","link":"https:\/\/encuentroinformativo.com.mx\/?p=52869","title":{"rendered":"Aumenta solicitud de becas escolares en zonas rurales de Veracruz"},"content":{"rendered":"\n<p><strong>Alejandro \u00c1vila<\/strong><\/p>\n\n\n\n<p>Veracruz, Ver.- La presidenta de la Fundaci\u00f3n Soy Conti, Luisa Ben\u00edtez, reconoci\u00f3 que ha existido un aumento en la solicitud de becas escolares en las zonas rurales de la entidad veracruzana, sobre todo para aquellos que quieren cursar el nivel de bachillerato y universidad.<\/p>\n\n\n\n<p>Es por ello que se encuentran organizando el &#8220;Karaoke con Causa&#8221;, mismo que se llevar\u00e1 a cabo el pr\u00f3ximo 20 de abril de 4 a 8 de la noche en el sal\u00f3n Claps de Plaza Vela, el costo de inscripci\u00f3n ser\u00e1 de 250 pesos y todo lo recaudado se destinar\u00e1 para 2 becas universitarias totales.<\/p>\n\n\n\n<p>&#8220;Definitivamente las cuestiones econ\u00f3micas actuales son complicadas, un salario m\u00ednimo dif\u00edcilmente logra cubrir con el gasto de una escuela media superior de nivel, ya sea t\u00e9cnico o DGB escolarizado. Entonces, como son 2 pagos en lo que es bachillerato y universidad al a\u00f1o, semestrales, hacen que sea m\u00e1s complicado para el padre de familia cubrir con esta cantidad, m\u00e1s los libros, m\u00e1s los uniformes, por eso ha habido m\u00e1s requerimiento de apoyo, lo que m\u00e1s solicitan es media superior y superior (\u2026) yo creo que en un 35 por ciento, aproximadamente, al principio cuando sac\u00e1bamos las convocatorias era m\u00e1s a nivel b\u00e1sico&#8221;, detall\u00f3.<\/p>\n\n\n\n<p>Luisa Ben\u00edtez mencion\u00f3 que en estos momentos se encuentran trabajando en localidades de la zona rural de Paso del Macho, Cotaxtla, Veracruz, y pr\u00f3ximamente se extender\u00e1n a otros municipios.<\/p>\n\n\n\n<p>&#8220;Dependiendo lo que soliciten, podemos darles el pago completo de inscripciones, mensualidades, adem\u00e1s de un apoyo para \u00fatiles, uniformes y dem\u00e1s. La beca no es exclusiva para j\u00f3venes, tambi\u00e9n ni\u00f1os, adultos y para cualquier persona que lo solicite Para educaci\u00f3n formal, es decir, primaria, secundaria, bachillerato, universidad y maestr\u00edas&#8221;, culmin\u00f3.<\/p>\n","protected":false},"excerpt":{"rendered":"<p>Alejandro \u00c1vila Veracruz, Ver.- La presidenta de la Fundaci\u00f3n Soy Conti, Luisa Ben\u00edtez, reconoci\u00f3 que ha existido un aumento en la solicitud de becas escolares en las zonas rurales de la entidad veracruzana, sobre todo para aquellos que quieren cursar el nivel de bachillerato y universidad. Es por ello que se encuentran organizando el &#8220;Karaoke [&hellip;]<\/p>\n","protected":false},"author":2476,"featured_media":52870,"comment_status":"open","ping_status":"open","sticky":false,"template":"","format":"standard","meta":{"_jetpack_memberships_contains_paid_content":false,"footnotes":""},"categories":[2],"tags":[],"class_list":["post-52869","post","type-post","status-publish","format-standard","has-post-thumbnail","hentry","category-estado"],"jetpack_featured_media_url":"https:\/\/encuentroinformativo.com.mx\/wp-content\/uploads\/2024\/04\/IMG-20240405-WA00262.jpg","jetpack_sharing_enabled":true,"jetpack_likes_enabled":true,"amp_enabled":true,"_links":{"self":[{"href":"https:\/\/encuentroinformativo.com.mx\/index.php?rest_route=\/wp\/v2\/posts\/52869","targetHints":{"allow":["GET"]}}],"collection":[{"href":"https:\/\/encuentroinformativo.com.mx\/index.php?rest_route=\/wp\/v2\/posts"}],"about":[{"href":"https:\/\/encuentroinformativo.com.mx\/index.php?rest_route=\/wp\/v2\/types\/post"}],"author":[{"embeddable":true,"href":"https:\/\/encuentroinformativo.com.mx\/index.php?rest_route=\/wp\/v2\/users\/2476"}],"replies":[{"embeddable":true,"href":"https:\/\/encuentroinformativo.com.mx\/index.php?rest_route=%2Fwp%2Fv2%2Fcomments&post=52869"}],"version-history":[{"count":1,"href":"https:\/\/encuentroinformativo.com.mx\/index.php?rest_route=\/wp\/v2\/posts\/52869\/revisions"}],"predecessor-version":[{"id":52871,"href":"https:\/\/encuentroinformativo.com.mx\/index.php?rest_route=\/wp\/v2\/posts\/52869\/revisions\/52871"}],"wp:featuredmedia":[{"embeddable":true,"href":"https:\/\/encuentroinformativo.com.mx\/index.php?rest_route=\/wp\/v2\/media\/52870"}],"wp:attachment":[{"href":"https:\/\/encuentroinformativo.com.mx\/index.php?rest_route=%2Fwp%2Fv2%2Fmedia&parent=52869"}],"wp:term":[{"taxonomy":"category","embeddable":true,"href":"https:\/\/encuentroinformativo.com.mx\/index.php?rest_route=%2Fwp%2Fv2%2Fcategories&post=52869"},{"taxonomy":"post_tag","embeddable":true,"href":"https:\/\/encuentroinformativo.com.mx\/index.php?rest_route=%2Fwp%2Fv2%2Ftags&post=52869"}],"curies":[{"name":"wp","href":"https:\/\/api.w.org\/{rel}","templated":true}]}}