{"id":5287,"date":"2020-08-28T12:58:44","date_gmt":"2020-08-28T17:58:44","guid":{"rendered":"https:\/\/encuentroinformativo.com\/?p=5287"},"modified":"2020-08-28T12:58:48","modified_gmt":"2020-08-28T17:58:48","slug":"con-protesta-rechazan-incremento-de-crimenes-por-homofobia","status":"publish","type":"post","link":"https:\/\/encuentroinformativo.com.mx\/?p=5287","title":{"rendered":"Con protesta, rechazan incremento de cr\u00edmenes por homofobia"},"content":{"rendered":"\n<p><strong>Dar\u00edo Pale <\/strong><\/p>\n\n\n\n<p>Xalapa, Ver.- Benjam\u00edn Callejas Hern\u00e1ndez, presidente de la Coalici\u00f3n Estatal LGBTTI en Veracruz, dio a conocer que se manifestaron la ma\u00f1ana de este viernes en la Fiscal\u00eda General del Estado (FGE), debido al incremento de los cr\u00edmenes por homofobia en Veracruz.<\/p>\n\n\n\n<p>Entrevistado en las afueras de la FGE solicitaron un di\u00e1logo directo con la fiscal Ver\u00f3nica Hern\u00e1ndez Giadans y que se instalen mesas de trabajo para que se investiguen y \u00a0se resuelvan estos casos.<\/p>\n\n\n\n<p>Dio a conocer que del 2018 al 2019 se registraron 32 casos y en lo que va de este 2020 son 19 casos ocurridos. Es en los municipios de Coatzacoalcos, Minatitl\u00e1n, Poza Rica, el puerto de Veracruz, Xalapa y la regi\u00f3n de Misantla y Mart\u00ednez de la Torre donde m\u00e1s han ocurrido.<\/p>\n\n\n\n<p>\u201cSe ha solicitado por todos los medios posibles, una audiencia con la Fiscal\u00eda General del estado, en este caso con la licenciada Ver\u00f3nica Hern\u00e1ndez Giadans, sin que hasta el momento se haya dado una respuesta favorable&#8221;, se\u00f1al\u00f3.<\/p>\n\n\n\n<p>Luego de que se les pretextara que por la pandemia no era posible hacer reuniones con Hern\u00e1ndez Giadans, los activistas por la diversidad sexual se manifestaron, ya que han notado la presencia de la fiscal en reuniones de trabajo.<\/p>\n\n\n\n<p>&#8220;Es una indolencia, minimizan la problem\u00e1tica y al no estar en la misma sinton\u00eda invisibilizan esta situaci\u00f3n de inseguridad que vivimos en el estado de Veracruz&#8221;, acus\u00f3.<\/p>\n\n\n\n<p>Finalmente los inconformes insistieron en que se realicen mesas de trabajo interinstitucional para atender los cr\u00edmenes por odio en el estado, tipificados en el C\u00f3digo Penal, ya que aseguran, no se integran las carpetas de investigaci\u00f3n y recientemente se ha pretendido criminalizar a las v\u00edctimas.<\/p>\n\n\n\n<p><\/p>\n","protected":false},"excerpt":{"rendered":"<p>Dar\u00edo Pale Xalapa, Ver.- Benjam\u00edn Callejas Hern\u00e1ndez, presidente de la Coalici\u00f3n Estatal LGBTTI en Veracruz, dio a conocer que se manifestaron la ma\u00f1ana de este viernes en la Fiscal\u00eda General del Estado (FGE), debido al incremento de los cr\u00edmenes por homofobia en Veracruz. Entrevistado en las afueras de la FGE solicitaron un di\u00e1logo directo con [&hellip;]<\/p>\n","protected":false},"author":1,"featured_media":5288,"comment_status":"open","ping_status":"open","sticky":false,"template":"","format":"standard","meta":{"_jetpack_memberships_contains_paid_content":false,"footnotes":""},"categories":[3],"tags":[],"class_list":["post-5287","post","type-post","status-publish","format-standard","has-post-thumbnail","hentry","category-xalapa"],"jetpack_featured_media_url":"https:\/\/encuentroinformativo.com.mx\/wp-content\/uploads\/2020\/08\/C8E07B1C-EB36-409C-96C8-F834228F216D.jpeg","jetpack_sharing_enabled":true,"jetpack_likes_enabled":true,"amp_enabled":true,"_links":{"self":[{"href":"https:\/\/encuentroinformativo.com.mx\/index.php?rest_route=\/wp\/v2\/posts\/5287","targetHints":{"allow":["GET"]}}],"collection":[{"href":"https:\/\/encuentroinformativo.com.mx\/index.php?rest_route=\/wp\/v2\/posts"}],"about":[{"href":"https:\/\/encuentroinformativo.com.mx\/index.php?rest_route=\/wp\/v2\/types\/post"}],"author":[{"embeddable":true,"href":"https:\/\/encuentroinformativo.com.mx\/index.php?rest_route=\/wp\/v2\/users\/1"}],"replies":[{"embeddable":true,"href":"https:\/\/encuentroinformativo.com.mx\/index.php?rest_route=%2Fwp%2Fv2%2Fcomments&post=5287"}],"version-history":[{"count":1,"href":"https:\/\/encuentroinformativo.com.mx\/index.php?rest_route=\/wp\/v2\/posts\/5287\/revisions"}],"predecessor-version":[{"id":5289,"href":"https:\/\/encuentroinformativo.com.mx\/index.php?rest_route=\/wp\/v2\/posts\/5287\/revisions\/5289"}],"wp:featuredmedia":[{"embeddable":true,"href":"https:\/\/encuentroinformativo.com.mx\/index.php?rest_route=\/wp\/v2\/media\/5288"}],"wp:attachment":[{"href":"https:\/\/encuentroinformativo.com.mx\/index.php?rest_route=%2Fwp%2Fv2%2Fmedia&parent=5287"}],"wp:term":[{"taxonomy":"category","embeddable":true,"href":"https:\/\/encuentroinformativo.com.mx\/index.php?rest_route=%2Fwp%2Fv2%2Fcategories&post=5287"},{"taxonomy":"post_tag","embeddable":true,"href":"https:\/\/encuentroinformativo.com.mx\/index.php?rest_route=%2Fwp%2Fv2%2Ftags&post=5287"}],"curies":[{"name":"wp","href":"https:\/\/api.w.org\/{rel}","templated":true}]}}