{"id":52872,"date":"2024-04-05T14:01:26","date_gmt":"2024-04-05T20:01:26","guid":{"rendered":"https:\/\/encuentroinformativo.com.mx\/?p=52872"},"modified":"2024-04-05T14:01:32","modified_gmt":"2024-04-05T20:01:32","slug":"encabeza-secretaria-de-seguridad-publica-operativo-preventivo-con-fuerzas-federales-en-cuitlahuac","status":"publish","type":"post","link":"https:\/\/encuentroinformativo.com.mx\/?p=52872","title":{"rendered":"Encabeza Secretar\u00eda de Seguridad P\u00fablica Operativo preventivo con fuerzas federales en Cuitl\u00e1huac"},"content":{"rendered":"\n<p>Xalapa, Ver.- Para combatir el delito y preservar el orden, elementos de la Secretar\u00eda de Seguridad P\u00fablica (SSP), a trav\u00e9s de Fuerza Civil y de manera coordinada con Polic\u00eda Estatal, SEMAR y SEDENA pusieron en marcha Bases de Operaciones Mixtas (BOM) en distintos puntos del municipio de Cuitl\u00e1huac y Yanga.<\/p>\n\n\n\n<p>Los oficiales realizaron recorridos en localidades, carreteras y brechas pertenecientes a los municipios ubicados al centro del territorio veracruzano, adem\u00e1s de la instalaci\u00f3n de puestos de inspecci\u00f3n m\u00f3viles en puntos estrat\u00e9gicos.<\/p>\n\n\n\n<p>Recorrieron las localidades Dos Caminos, San Jos\u00e9 de Abajo, San Jos\u00e9 En medio, San Jos\u00e9 del Corral, General Francisco Paz, General Alatriste, La Concha, Palmillas, Los Mangos y El Manantial.<\/p>\n\n\n\n<p>Se inspeccionaron durante la instalaci\u00f3n de un filtro de revisi\u00f3n: 12 veh\u00edculos particulares, 16 motocicletas, ocho camionetas, cinco camiones de carga, 10 taxis y 35 personas.<\/p>\n\n\n\n<p>La SSP exhorta a la poblaci\u00f3n a reportar cualquier incidente a la l\u00ednea de emergencias 911 y seguir las recomendaciones que emiten las autoridades.<\/p>\n","protected":false},"excerpt":{"rendered":"<p>Xalapa, Ver.- Para combatir el delito y preservar el orden, elementos de la Secretar\u00eda de Seguridad P\u00fablica (SSP), a trav\u00e9s de Fuerza Civil y de manera coordinada con Polic\u00eda Estatal, SEMAR y SEDENA pusieron en marcha Bases de Operaciones Mixtas (BOM) en distintos puntos del municipio de Cuitl\u00e1huac y Yanga. Los oficiales realizaron recorridos en [&hellip;]<\/p>\n","protected":false},"author":2476,"featured_media":52873,"comment_status":"open","ping_status":"open","sticky":false,"template":"","format":"standard","meta":{"_jetpack_memberships_contains_paid_content":false,"footnotes":""},"categories":[2],"tags":[],"class_list":["post-52872","post","type-post","status-publish","format-standard","has-post-thumbnail","hentry","category-estado"],"jetpack_featured_media_url":"https:\/\/encuentroinformativo.com.mx\/wp-content\/uploads\/2024\/04\/IMG-20240405-WA0038.jpg","jetpack_sharing_enabled":true,"jetpack_likes_enabled":true,"amp_enabled":true,"_links":{"self":[{"href":"https:\/\/encuentroinformativo.com.mx\/index.php?rest_route=\/wp\/v2\/posts\/52872","targetHints":{"allow":["GET"]}}],"collection":[{"href":"https:\/\/encuentroinformativo.com.mx\/index.php?rest_route=\/wp\/v2\/posts"}],"about":[{"href":"https:\/\/encuentroinformativo.com.mx\/index.php?rest_route=\/wp\/v2\/types\/post"}],"author":[{"embeddable":true,"href":"https:\/\/encuentroinformativo.com.mx\/index.php?rest_route=\/wp\/v2\/users\/2476"}],"replies":[{"embeddable":true,"href":"https:\/\/encuentroinformativo.com.mx\/index.php?rest_route=%2Fwp%2Fv2%2Fcomments&post=52872"}],"version-history":[{"count":1,"href":"https:\/\/encuentroinformativo.com.mx\/index.php?rest_route=\/wp\/v2\/posts\/52872\/revisions"}],"predecessor-version":[{"id":52874,"href":"https:\/\/encuentroinformativo.com.mx\/index.php?rest_route=\/wp\/v2\/posts\/52872\/revisions\/52874"}],"wp:featuredmedia":[{"embeddable":true,"href":"https:\/\/encuentroinformativo.com.mx\/index.php?rest_route=\/wp\/v2\/media\/52873"}],"wp:attachment":[{"href":"https:\/\/encuentroinformativo.com.mx\/index.php?rest_route=%2Fwp%2Fv2%2Fmedia&parent=52872"}],"wp:term":[{"taxonomy":"category","embeddable":true,"href":"https:\/\/encuentroinformativo.com.mx\/index.php?rest_route=%2Fwp%2Fv2%2Fcategories&post=52872"},{"taxonomy":"post_tag","embeddable":true,"href":"https:\/\/encuentroinformativo.com.mx\/index.php?rest_route=%2Fwp%2Fv2%2Ftags&post=52872"}],"curies":[{"name":"wp","href":"https:\/\/api.w.org\/{rel}","templated":true}]}}