{"id":52898,"date":"2024-04-05T21:24:21","date_gmt":"2024-04-06T03:24:21","guid":{"rendered":"https:\/\/encuentroinformativo.com.mx\/?p=52898"},"modified":"2024-04-05T21:24:26","modified_gmt":"2024-04-06T03:24:26","slug":"ople-veracruz-aprueba-documento-rector-del-proyecto-votamos-por-la-inclusion","status":"publish","type":"post","link":"https:\/\/encuentroinformativo.com.mx\/?p=52898","title":{"rendered":"OPLE Veracruz aprueba documento rector del proyecto \u201cVotamos por la Inclusi\u00f3n\u201d"},"content":{"rendered":"\n<p><strong>* Convenio de colaboraci\u00f3n del OPLE Veracruz con \u201cCinetix\u201d.<\/strong><\/p>\n\n\n\n<p>Xalapa, Ver. El Consejo General del Organismo P\u00fablico Local Electoral del Estado de Veracruz (OPLE Veracruz) aprob\u00f3, durante sesi\u00f3n extraordinaria, el documento rector de los encuentros informativos sobre los derechos pol\u00edtico-electorales de las personas con discapacidad, llamado \u201cVotamos por la Inclusi\u00f3n\u201d, a propuesta de la Comisi\u00f3n Permanente de Igualdad de G\u00e9nero y No Discriminaci\u00f3n.<\/p>\n\n\n\n<p>De acuerdo al proyecto, se plantear\u00e1n cinco reuniones dirigidas a las personas con discapacidad durante el mes de abril en los municipios de Poza Rica, Xalapa, Veracruz, Orizaba y Coatzacoalcos para dar atenci\u00f3n a las principales inquietudes que fueron expresadas durante la Consulta a Personas con Discapacidad en 2023.<\/p>\n\n\n\n<p>Las sedes ser\u00e1n prioritariamente inmuebles que reciban o atiendan a personas con discapacidad, esto es: centros de rehabilitaci\u00f3n, centros de atenci\u00f3n m\u00faltiple, unidades b\u00e1sicas de rehabilitaci\u00f3n (UBR), entre otros, para contribuir al desarrollo de una democracia basada en valores.<\/p>\n\n\n\n<p>\u201cSe busca ser un instrumento que acerque a las personas a los ejercicios de sus derechos pol\u00edtico-electorales, teniendo conocimiento de c\u00f3mo poder ejercer de manera efectiva el derecho al voto en total libertad, igualdad de condiciones y tambi\u00e9n, por supuesto, libres de cualquier tipo de discriminaci\u00f3n\u201d, se\u00f1al\u00f3 la Consejera Presidenta de la Comisi\u00f3n, Mar\u00eda de Lourdes Fern\u00e1ndez Mart\u00ednez.<\/p>\n\n\n\n<p>Asimismo, se aval\u00f3 la \u201cGu\u00eda para fomentar la inclusi\u00f3n de personas en situaci\u00f3n de vulnerabilidad al ejercicio de sus derechos pol\u00edtico-electorales: Proceso Electoral Local Ordinario 2023-2024\u201d, documento de car\u00e1cter informativo sobre las distintas acciones que el OPLE Veracruz y el Instituto Nacional Electoral han impulsado sobre este tema.<\/p>\n\n\n\n<p><em><strong>Convenio de colaboraci\u00f3n del OPLE Veracruz con \u201cCinetix\u201d<\/strong><\/em><\/p>\n\n\n\n<p>En otro punto del orden del d\u00eda, las consejeras y los consejeros electorales aprobaron el convenio de colaboraci\u00f3n entre el OPLE Veracruz y Cinematogr\u00e1fica Orqu\u00eddea S.A. de C.V. (\u201cCinetix\u201d), esto como parte de las actividades de la Comisi\u00f3n Especial para la Promoci\u00f3n de la Cultura Democr\u00e1tica y Vinculaci\u00f3n con Organizaciones de la Sociedad Civil.<\/p>\n\n\n\n<p>Esta colaboraci\u00f3n busca, adem\u00e1s de incrementar la participaci\u00f3n de la ciudadan\u00eda en las elecciones, contribuir a la consolidaci\u00f3n de valores democr\u00e1ticos para permitir una convivencia fraterna, m\u00e1s arm\u00f3nica como sociedad y un involucramiento m\u00e1s informado de las y los ciudadanos en los temas de incidencia de la vida p\u00fablica.<\/p>\n\n\n\n<p>\u201cLas salas de cine ofrecen una plataforma poderosa para fomentar la participaci\u00f3n ciudadana y fortalecer la cultura democr\u00e1tica al combinar el entretenimiento con mensajes c\u00edvicos importantes. Para el OPLE Veracruz es una magn\u00edfica oportunidad para llegar a un amplio porcentaje de la poblaci\u00f3n en un entorno relajado y receptivo\u201d, destac\u00f3 el Consejero Presidente de la Comisi\u00f3n, Roberto L\u00f3pez P\u00e9rez.<\/p>\n\n\n\n<p>Cabe mencionar que el principal objetivo se concentra en dos grandes aspectos, el primero de ellos est\u00e1 relacionado con promover entre las y los veracruzanos el salir a votar el pr\u00f3ximo 2 de junio de manera libre e informada e invitar a la ciudadan\u00eda a sintonizar los dos debates a la Gubernatura del Estado, que se llevar\u00e1n a cabo el 27 de abril en Xalapa y el 12 de mayo en Boca del R\u00edo.<\/p>\n","protected":false},"excerpt":{"rendered":"<p>* Convenio de colaboraci\u00f3n del OPLE Veracruz con \u201cCinetix\u201d. Xalapa, Ver. El Consejo General del Organismo P\u00fablico Local Electoral del Estado de Veracruz (OPLE Veracruz) aprob\u00f3, durante sesi\u00f3n extraordinaria, el documento rector de los encuentros informativos sobre los derechos pol\u00edtico-electorales de las personas con discapacidad, llamado \u201cVotamos por la Inclusi\u00f3n\u201d, a propuesta de la Comisi\u00f3n [&hellip;]<\/p>\n","protected":false},"author":2476,"featured_media":52899,"comment_status":"open","ping_status":"open","sticky":false,"template":"","format":"standard","meta":{"_jetpack_memberships_contains_paid_content":false,"footnotes":""},"categories":[2],"tags":[],"class_list":["post-52898","post","type-post","status-publish","format-standard","has-post-thumbnail","hentry","category-estado"],"jetpack_featured_media_url":"https:\/\/encuentroinformativo.com.mx\/wp-content\/uploads\/2024\/04\/IMG-20240405-WA00882.jpg","jetpack_sharing_enabled":true,"jetpack_likes_enabled":true,"amp_enabled":true,"_links":{"self":[{"href":"https:\/\/encuentroinformativo.com.mx\/index.php?rest_route=\/wp\/v2\/posts\/52898","targetHints":{"allow":["GET"]}}],"collection":[{"href":"https:\/\/encuentroinformativo.com.mx\/index.php?rest_route=\/wp\/v2\/posts"}],"about":[{"href":"https:\/\/encuentroinformativo.com.mx\/index.php?rest_route=\/wp\/v2\/types\/post"}],"author":[{"embeddable":true,"href":"https:\/\/encuentroinformativo.com.mx\/index.php?rest_route=\/wp\/v2\/users\/2476"}],"replies":[{"embeddable":true,"href":"https:\/\/encuentroinformativo.com.mx\/index.php?rest_route=%2Fwp%2Fv2%2Fcomments&post=52898"}],"version-history":[{"count":1,"href":"https:\/\/encuentroinformativo.com.mx\/index.php?rest_route=\/wp\/v2\/posts\/52898\/revisions"}],"predecessor-version":[{"id":52900,"href":"https:\/\/encuentroinformativo.com.mx\/index.php?rest_route=\/wp\/v2\/posts\/52898\/revisions\/52900"}],"wp:featuredmedia":[{"embeddable":true,"href":"https:\/\/encuentroinformativo.com.mx\/index.php?rest_route=\/wp\/v2\/media\/52899"}],"wp:attachment":[{"href":"https:\/\/encuentroinformativo.com.mx\/index.php?rest_route=%2Fwp%2Fv2%2Fmedia&parent=52898"}],"wp:term":[{"taxonomy":"category","embeddable":true,"href":"https:\/\/encuentroinformativo.com.mx\/index.php?rest_route=%2Fwp%2Fv2%2Fcategories&post=52898"},{"taxonomy":"post_tag","embeddable":true,"href":"https:\/\/encuentroinformativo.com.mx\/index.php?rest_route=%2Fwp%2Fv2%2Ftags&post=52898"}],"curies":[{"name":"wp","href":"https:\/\/api.w.org\/{rel}","templated":true}]}}