{"id":5291,"date":"2020-08-28T13:29:58","date_gmt":"2020-08-28T18:29:58","guid":{"rendered":"https:\/\/encuentroinformativo.com\/?p=5291"},"modified":"2020-08-28T13:30:03","modified_gmt":"2020-08-28T18:30:03","slug":"colonos-se-niegan-a-cambiar-area-verde-por-modulo-de-seguridad","status":"publish","type":"post","link":"https:\/\/encuentroinformativo.com.mx\/?p=5291","title":{"rendered":"Colonos se niegan a cambiar \u00e1rea verde por m\u00f3dulo de seguridad"},"content":{"rendered":"\n<p><strong>Dar\u00edo Pale <\/strong><\/p>\n\n\n\n<p>Xalapa, Ver.- Habitantes de la unidad habitacional Buena Vista encabezados por Enrique Dinardo Ramirez V\u00e1zquez y Daniela Aldazaba Gonz\u00e1lez coordinadora de educaci\u00f3n ambiental se manifestaron frente al palacio municipal para solicitar que, no se cierre el parque La Loma en esta ciudad. <\/p>\n\n\n\n<p>Habitantes de Xalapa protestaron contra el cierre del parque &#8220;La Loma&#8221;, ubicado en Circuito Presidentes, cerca del Vel\u00f3dromo, afirman que ah\u00ed se construir\u00e1 un cuartel de la Guardia Nacional y que ya quitaron los juegos infantiles.<\/p>\n\n\n\n<p>Uno de los vecinos inconformes lament\u00f3 que se quite a la poblaci\u00f3n esta \u00e1rea para la recreaci\u00f3n, \u201cpara la recreaci\u00f3n de familias, paseo de perros. Llevo 14 a\u00f1os de estar asistiendo&#8221;.<\/p>\n\n\n\n<p>Se\u00f1al\u00f3 que el parque es refugio de un gran n\u00famero de aves y reptiles, y los propios vecinos son quienes se encargan de darle mantenimiento y dan talleres de educaci\u00f3n ambiental a los ni\u00f1os.<\/p>\n\n\n\n<p>Finalmente dieron a conocer que quieren una mesa de di\u00e1logo donde puedan exponer cu\u00e1les ser\u00edan las estrategias de seguridad, ya que no consideran que un cuartel para 50 elementos sea necesario.<\/p>\n\n\n\n<p><\/p>\n","protected":false},"excerpt":{"rendered":"<p>Dar\u00edo Pale Xalapa, Ver.- Habitantes de la unidad habitacional Buena Vista encabezados por Enrique Dinardo Ramirez V\u00e1zquez y Daniela Aldazaba Gonz\u00e1lez coordinadora de educaci\u00f3n ambiental se manifestaron frente al palacio municipal para solicitar que, no se cierre el parque La Loma en esta ciudad. Habitantes de Xalapa protestaron contra el cierre del parque &#8220;La Loma&#8221;, [&hellip;]<\/p>\n","protected":false},"author":1,"featured_media":5292,"comment_status":"open","ping_status":"open","sticky":false,"template":"","format":"standard","meta":{"_jetpack_memberships_contains_paid_content":false,"footnotes":""},"categories":[3],"tags":[],"class_list":["post-5291","post","type-post","status-publish","format-standard","has-post-thumbnail","hentry","category-xalapa"],"jetpack_featured_media_url":"https:\/\/encuentroinformativo.com.mx\/wp-content\/uploads\/2020\/08\/FDDE942A-785A-4BE4-B82D-CA9085E8180A.jpeg","jetpack_sharing_enabled":true,"jetpack_likes_enabled":true,"amp_enabled":true,"_links":{"self":[{"href":"https:\/\/encuentroinformativo.com.mx\/index.php?rest_route=\/wp\/v2\/posts\/5291","targetHints":{"allow":["GET"]}}],"collection":[{"href":"https:\/\/encuentroinformativo.com.mx\/index.php?rest_route=\/wp\/v2\/posts"}],"about":[{"href":"https:\/\/encuentroinformativo.com.mx\/index.php?rest_route=\/wp\/v2\/types\/post"}],"author":[{"embeddable":true,"href":"https:\/\/encuentroinformativo.com.mx\/index.php?rest_route=\/wp\/v2\/users\/1"}],"replies":[{"embeddable":true,"href":"https:\/\/encuentroinformativo.com.mx\/index.php?rest_route=%2Fwp%2Fv2%2Fcomments&post=5291"}],"version-history":[{"count":1,"href":"https:\/\/encuentroinformativo.com.mx\/index.php?rest_route=\/wp\/v2\/posts\/5291\/revisions"}],"predecessor-version":[{"id":5293,"href":"https:\/\/encuentroinformativo.com.mx\/index.php?rest_route=\/wp\/v2\/posts\/5291\/revisions\/5293"}],"wp:featuredmedia":[{"embeddable":true,"href":"https:\/\/encuentroinformativo.com.mx\/index.php?rest_route=\/wp\/v2\/media\/5292"}],"wp:attachment":[{"href":"https:\/\/encuentroinformativo.com.mx\/index.php?rest_route=%2Fwp%2Fv2%2Fmedia&parent=5291"}],"wp:term":[{"taxonomy":"category","embeddable":true,"href":"https:\/\/encuentroinformativo.com.mx\/index.php?rest_route=%2Fwp%2Fv2%2Fcategories&post=5291"},{"taxonomy":"post_tag","embeddable":true,"href":"https:\/\/encuentroinformativo.com.mx\/index.php?rest_route=%2Fwp%2Fv2%2Ftags&post=5291"}],"curies":[{"name":"wp","href":"https:\/\/api.w.org\/{rel}","templated":true}]}}