{"id":52917,"date":"2024-04-06T19:53:14","date_gmt":"2024-04-07T01:53:14","guid":{"rendered":"https:\/\/encuentroinformativo.com.mx\/?p=52917"},"modified":"2024-04-06T19:53:22","modified_gmt":"2024-04-07T01:53:22","slug":"apoya-alamo-y-municipios-aledanos-a-candidatos-de-morena","status":"publish","type":"post","link":"https:\/\/encuentroinformativo.com.mx\/?p=52917","title":{"rendered":"Apoya \u00c1lamo y municipios aleda\u00f1os a candidatos de MORENA"},"content":{"rendered":"\n<p>\u00c1lamo, Veracruz. Esta ma\u00f1ana se pudo presenciar una manifestaci\u00f3n de apoyo a los candidatos del Movimiento de Regeneraci\u00f3n Nacional (MORENA), la cual estuvo encabezada por la expresi\u00f3n ciudadana UNIDOS TODOS, dirigida por el maestro Eleazar Guerrero P\u00e9rez, candidato a diputado federal por la v\u00eda plurinominal.<\/p>\n\n\n\n<p>Los simpatizantes de este movimiento se desplazaron de municipios aleda\u00f1os y de la regi\u00f3n, para congregarse en las principales calles, celebrando con mucho entusiasmo y participaci\u00f3n, esta fiesta por la democracia con el distintivo guinda. Frente a todo el contingente, el maestro Eleazar Guerrero P\u00e9rez resalt\u00f3 la importancia de la unidad en este proceso electoral y en este momento hist\u00f3rico, afirmando: &#8220;Es tiempo de mujeres&#8221;.<\/p>\n\n\n\n<p>Durante su discurso, involucr\u00f3 a la audiencia al preguntarles: &#8220;\u00bfEstamos todos unidos con las mujeres de Veracruz, porque en Veracruz es tiempo de qu\u00e9?&#8221; A lo que respondieron al un\u00edsono: &#8220;\u00a1De mujeres!&#8221; Luego cuestion\u00f3: &#8220;\u00bfQui\u00e9n manda en Veracruz? \u00bfQui\u00e9n manda en \u00c1lamo? \u00bfY qui\u00e9n va a seguir mandando en Veracruz?&#8221; Y todos respondieron a una sola voz: &#8220;\u00a1Las mujeres!&#8221;<\/p>\n\n\n\n<p>Adem\u00e1s, a\u00f1adi\u00f3: &#8220;Este 2 de junio vamos a ratificar este postulado que apoyamos de manera convencida. Estamos seguros de que nuestras mujeres en M\u00e9xico van a continuar con la cuarta transformaci\u00f3n. Estamos convencidos que quien va a continuar el gran trabajo de nuestro l\u00edder nacional, Andr\u00e9s Manuel L\u00f3pez Obrador, sin duda va a ser nuestra pr\u00f3xima presidenta, Claudia Sheinbaum Pardo.&#8221;<\/p>\n\n\n\n<p>Con gran alegr\u00eda, los presentes respondieron: &#8220;\u00a1Presidenta, Presidenta, Presidenta, Presidenta!&#8221;<\/p>\n\n\n\n<p>Tambi\u00e9n mencion\u00f3 a Roc\u00edo Nahle: &#8220;En Veracruz contamos con una mujer excepcional, formada hace muchos a\u00f1os en las luchas contra las injusticias del pa\u00eds, al lado de este gran l\u00edder, L\u00f3pez Obrador. En Veracruz contamos con una mujer transformadora, que dar\u00e1 continuidad en Veracruz a la cuarta transformaci\u00f3n, a seguir sanando las finanzas, a seguir construyendo carreteras, centros de salud, y rescatando hospitales.&#8221;<\/p>\n\n\n\n<p>Destac\u00f3 el trabajo de la tambi\u00e9n candidata Elizabeth Cervantes, quien compite con las siglas de MORENA en ese distrito, y dijo: &#8220;Estamos convencidos de que aqu\u00ed en \u00c1lamo tenemos una mujer excepcional, comprometida con las causas de la Cuarta Transformaci\u00f3n, una mujer que ha contribuido durante mucho tiempo a la Transformaci\u00f3n. Una mujer comprometida con el distrito de \u00c1lamo, me refiero a mi compa\u00f1era y amiga, nuestra futura diputada, Eli Cervantes.&#8221;<\/p>\n\n\n\n<p>MORENA fortalece su presencia de esta manera en toda la geograf\u00eda veracruzana. Al igual que la candidata al gobierno de Veracruz, Roc\u00edo Nahle, todos los que aspiran a representar a esta fuerza pol\u00edtica est\u00e1n haciendo una campa\u00f1a intensa y activa, casa por casa, llevando a cada hogar veracruzano el mensaje de la Transformaci\u00f3n, resumido en el Plan C: \u201cning\u00fan voto a la oposici\u00f3n.\u201d<\/p>\n\n\n\n<figure class=\"wp-block-image size-large\"><img loading=\"lazy\" decoding=\"async\" width=\"1024\" height=\"575\" src=\"https:\/\/encuentroinformativo.com.mx\/wp-content\/uploads\/2024\/04\/IMG-20240406-WA0051-1024x575.jpg\" alt=\"\" class=\"wp-image-52919\" srcset=\"https:\/\/encuentroinformativo.com.mx\/wp-content\/uploads\/2024\/04\/IMG-20240406-WA0051-1024x575.jpg 1024w, https:\/\/encuentroinformativo.com.mx\/wp-content\/uploads\/2024\/04\/IMG-20240406-WA0051-300x168.jpg 300w, https:\/\/encuentroinformativo.com.mx\/wp-content\/uploads\/2024\/04\/IMG-20240406-WA0051-768x431.jpg 768w, https:\/\/encuentroinformativo.com.mx\/wp-content\/uploads\/2024\/04\/IMG-20240406-WA0051-1536x862.jpg 1536w, https:\/\/encuentroinformativo.com.mx\/wp-content\/uploads\/2024\/04\/IMG-20240406-WA0051-2048x1150.jpg 2048w\" sizes=\"auto, (max-width: 1024px) 100vw, 1024px\" \/><\/figure>\n","protected":false},"excerpt":{"rendered":"<p>\u00c1lamo, Veracruz. Esta ma\u00f1ana se pudo presenciar una manifestaci\u00f3n de apoyo a los candidatos del Movimiento de Regeneraci\u00f3n Nacional (MORENA), la cual estuvo encabezada por la expresi\u00f3n ciudadana UNIDOS TODOS, dirigida por el maestro Eleazar Guerrero P\u00e9rez, candidato a diputado federal por la v\u00eda plurinominal. Los simpatizantes de este movimiento se desplazaron de municipios aleda\u00f1os [&hellip;]<\/p>\n","protected":false},"author":2476,"featured_media":52918,"comment_status":"open","ping_status":"open","sticky":false,"template":"","format":"standard","meta":{"_jetpack_memberships_contains_paid_content":false,"footnotes":""},"categories":[2],"tags":[],"class_list":["post-52917","post","type-post","status-publish","format-standard","has-post-thumbnail","hentry","category-estado"],"jetpack_featured_media_url":"https:\/\/encuentroinformativo.com.mx\/wp-content\/uploads\/2024\/04\/IMG-20240406-WA0047-scaled.jpg","jetpack_sharing_enabled":true,"jetpack_likes_enabled":true,"amp_enabled":true,"_links":{"self":[{"href":"https:\/\/encuentroinformativo.com.mx\/index.php?rest_route=\/wp\/v2\/posts\/52917","targetHints":{"allow":["GET"]}}],"collection":[{"href":"https:\/\/encuentroinformativo.com.mx\/index.php?rest_route=\/wp\/v2\/posts"}],"about":[{"href":"https:\/\/encuentroinformativo.com.mx\/index.php?rest_route=\/wp\/v2\/types\/post"}],"author":[{"embeddable":true,"href":"https:\/\/encuentroinformativo.com.mx\/index.php?rest_route=\/wp\/v2\/users\/2476"}],"replies":[{"embeddable":true,"href":"https:\/\/encuentroinformativo.com.mx\/index.php?rest_route=%2Fwp%2Fv2%2Fcomments&post=52917"}],"version-history":[{"count":1,"href":"https:\/\/encuentroinformativo.com.mx\/index.php?rest_route=\/wp\/v2\/posts\/52917\/revisions"}],"predecessor-version":[{"id":52920,"href":"https:\/\/encuentroinformativo.com.mx\/index.php?rest_route=\/wp\/v2\/posts\/52917\/revisions\/52920"}],"wp:featuredmedia":[{"embeddable":true,"href":"https:\/\/encuentroinformativo.com.mx\/index.php?rest_route=\/wp\/v2\/media\/52918"}],"wp:attachment":[{"href":"https:\/\/encuentroinformativo.com.mx\/index.php?rest_route=%2Fwp%2Fv2%2Fmedia&parent=52917"}],"wp:term":[{"taxonomy":"category","embeddable":true,"href":"https:\/\/encuentroinformativo.com.mx\/index.php?rest_route=%2Fwp%2Fv2%2Fcategories&post=52917"},{"taxonomy":"post_tag","embeddable":true,"href":"https:\/\/encuentroinformativo.com.mx\/index.php?rest_route=%2Fwp%2Fv2%2Ftags&post=52917"}],"curies":[{"name":"wp","href":"https:\/\/api.w.org\/{rel}","templated":true}]}}