{"id":52929,"date":"2024-04-07T14:31:52","date_gmt":"2024-04-07T20:31:52","guid":{"rendered":"https:\/\/encuentroinformativo.com.mx\/?p=52929"},"modified":"2024-04-07T14:31:57","modified_gmt":"2024-04-07T20:31:57","slug":"lamentable-que-veracruz-devuelva-recursos-a-la-federacion-senala-sergio-gil","status":"publish","type":"post","link":"https:\/\/encuentroinformativo.com.mx\/?p=52929","title":{"rendered":"Lamentable que Veracruz devuelva recursos a la federaci\u00f3n, se\u00f1ala Sergio Gil"},"content":{"rendered":"\n<p><strong>Alejandro \u00c1vila<\/strong><\/p>\n\n\n\n<p>Boca del R\u00edo, Ver.- La devoluci\u00f3n de recursos del Estado de Veracruz para la Federaci\u00f3n es una acci\u00f3n lamentable, con lo que se confirma que Cuitlahuac Garc\u00eda es el nuevo Javier Duarte, asest\u00f3 el dirigente de Movimiento Ciudadano en Veracruz, Sergio Gil Rull\u00e1n.<\/p>\n\n\n\n<p>&#8220;Una cosa es el recurso federal y como se gasta, y no que el recurso federal lo manden de vuelta a la Federaci\u00f3n para proyectos que ni est\u00e1n en Veracruz. Y por supuesto con voluntad, con decisi\u00f3n y con propuestas, un gobernador que haga bien las cosas como Polo Deschamps, porque lo que \u00e9l dice de apoyar a 500 mil veracruzanos con un apoyo a emprendedores de 50 mil pesos en su primer a\u00f1o, adivinen con que se pagan, con los 26 mil millones de pesos que Cuitl\u00e1huac, el nuevo Duarte, mand\u00f3 de vuelta a la Federaci\u00f3n, ah\u00ed est\u00e1 la lana, ah\u00ed est\u00e1n las matem\u00e1ticas, s\u00ed hay dinero para hacerlo, solo falta la voluntad de quererlo hacer&#8221;, expres\u00f3.<\/p>\n\n\n\n<p>El l\u00edder del movimiento naranja en Veracruz, mencion\u00f3 que su partido es el de mayor crecimiento, el de mayor visi\u00f3n y, el que m\u00e1s adiciones de militantes ha tenido en los \u00faltimos a\u00f1os.<\/p>\n\n\n\n<p>&#8220;Justo ayer acabamos de tener un movimiento en la zona de Cardel, nuevas sumas, nuevas adiciones, se suman los regidores del PT a nuestro movimiento, se suman los regidores de Morena en Jos\u00e9 Azueta, se han seguido sumando, sumando y sumando y, tambi\u00e9n muy pronto tendremos la toma de protesta del equipo de Tlalixcoyan, del equipo de Atoyac, del equipo de Alvarado, todo el equipo de Alvarado est\u00e1 puesto y dispuesto. Como lo saben, estamos muy contentos de seguir sumando, desde el momento que Polo toma la valiente decisi\u00f3n, que asume el liderato, que es nuestro candidato a gobernador y ya proximo gobernador del Estado, ha habido nuevas incorporaciones todos los d\u00edas a nuestro movimiento&#8221;, enfatiz\u00f3.<\/p>\n","protected":false},"excerpt":{"rendered":"<p>Alejandro \u00c1vila Boca del R\u00edo, Ver.- La devoluci\u00f3n de recursos del Estado de Veracruz para la Federaci\u00f3n es una acci\u00f3n lamentable, con lo que se confirma que Cuitlahuac Garc\u00eda es el nuevo Javier Duarte, asest\u00f3 el dirigente de Movimiento Ciudadano en Veracruz, Sergio Gil Rull\u00e1n. &#8220;Una cosa es el recurso federal y como se gasta, [&hellip;]<\/p>\n","protected":false},"author":2476,"featured_media":52930,"comment_status":"open","ping_status":"open","sticky":false,"template":"","format":"standard","meta":{"_jetpack_memberships_contains_paid_content":false,"footnotes":""},"categories":[2],"tags":[],"class_list":["post-52929","post","type-post","status-publish","format-standard","has-post-thumbnail","hentry","category-estado"],"jetpack_featured_media_url":"https:\/\/encuentroinformativo.com.mx\/wp-content\/uploads\/2024\/04\/IMG-20240407-WA00082.jpg","jetpack_sharing_enabled":true,"jetpack_likes_enabled":true,"amp_enabled":true,"_links":{"self":[{"href":"https:\/\/encuentroinformativo.com.mx\/index.php?rest_route=\/wp\/v2\/posts\/52929","targetHints":{"allow":["GET"]}}],"collection":[{"href":"https:\/\/encuentroinformativo.com.mx\/index.php?rest_route=\/wp\/v2\/posts"}],"about":[{"href":"https:\/\/encuentroinformativo.com.mx\/index.php?rest_route=\/wp\/v2\/types\/post"}],"author":[{"embeddable":true,"href":"https:\/\/encuentroinformativo.com.mx\/index.php?rest_route=\/wp\/v2\/users\/2476"}],"replies":[{"embeddable":true,"href":"https:\/\/encuentroinformativo.com.mx\/index.php?rest_route=%2Fwp%2Fv2%2Fcomments&post=52929"}],"version-history":[{"count":1,"href":"https:\/\/encuentroinformativo.com.mx\/index.php?rest_route=\/wp\/v2\/posts\/52929\/revisions"}],"predecessor-version":[{"id":52931,"href":"https:\/\/encuentroinformativo.com.mx\/index.php?rest_route=\/wp\/v2\/posts\/52929\/revisions\/52931"}],"wp:featuredmedia":[{"embeddable":true,"href":"https:\/\/encuentroinformativo.com.mx\/index.php?rest_route=\/wp\/v2\/media\/52930"}],"wp:attachment":[{"href":"https:\/\/encuentroinformativo.com.mx\/index.php?rest_route=%2Fwp%2Fv2%2Fmedia&parent=52929"}],"wp:term":[{"taxonomy":"category","embeddable":true,"href":"https:\/\/encuentroinformativo.com.mx\/index.php?rest_route=%2Fwp%2Fv2%2Fcategories&post=52929"},{"taxonomy":"post_tag","embeddable":true,"href":"https:\/\/encuentroinformativo.com.mx\/index.php?rest_route=%2Fwp%2Fv2%2Ftags&post=52929"}],"curies":[{"name":"wp","href":"https:\/\/api.w.org\/{rel}","templated":true}]}}