{"id":52932,"date":"2024-04-07T14:35:48","date_gmt":"2024-04-07T20:35:48","guid":{"rendered":"https:\/\/encuentroinformativo.com.mx\/?p=52932"},"modified":"2024-04-07T14:35:53","modified_gmt":"2024-04-07T20:35:53","slug":"en-xalapa-realizan-caminata-por-el-autismo","status":"publish","type":"post","link":"https:\/\/encuentroinformativo.com.mx\/?p=52932","title":{"rendered":"En Xalapa, realizan caminata por el autismo"},"content":{"rendered":"\n<p><strong>Juan Arcos <\/strong><\/p>\n\n\n\n<p>Xalapa, Ver.- Cientos de personas participaron en la tercera edici\u00f3n de la Caminata por el Autismo en la ciudad de Xalapa, donde repudiaron que las instituciones p\u00fablicas y privadas se han \u201cquedado cortas\u201d en la atenci\u00f3n a quienes tienen esta condici\u00f3n.<\/p>\n\n\n\n<p>La gente se concentr\u00f3 afuera del Teatro del Estado \u201cGeneral Ignacio de la Llave\u201d y despu\u00e9s camin\u00f3 hacia el primer cuadro de la capital del estado de Veracruz.<\/p>\n\n\n\n<p>La directora del Centro Mexicano para la Neurodiversidad y el Autismo, Rosa Virginia Mart\u00ednez Conde, tambi\u00e9n detall\u00f3 que no hay una estad\u00edstica clara en M\u00e9xico y el estado de Veracruz sobre el n\u00famero de personas con autismo.<\/p>\n\n\n\n<p>\u201cCreo que se est\u00e1n haciendo cosas, pero no son suficientes. Creo que necesitamos seguir trabajando mucho y hacer sinergia el Estado, el municipio, con las instituciones privadas para poder realmente generar situaciones de atenci\u00f3n. En el Estado de Veracruz no tenemos cierto realmente cu\u00e1ntas personas con autismo hay, siendo el tercer Estado m\u00e1s grande de la Rep\u00fablica\u201d.<\/p>\n\n\n\n<p>La especialista mencion\u00f3 que a nivel internacional uno de cada 150 personas nacen con autismo; sin embargo, se requiere en M\u00e9xico un estudio para conocer el padr\u00f3n real.<\/p>\n\n\n\n<p>La marcha se realiza con el objetivo de concientizar sobre el autismo, promover el respeto, empat\u00eda y solidaridad, y fomentar el conocimiento sobre esta condici\u00f3n.<\/p>\n\n\n\n<p>Se necesita m\u00e1s atenci\u00f3n integral a las personas con autismo en Veracruz, incluyendo la actualizaci\u00f3n de leyes y reglamentos, mayor capacitaci\u00f3n para maestros y profesionales de la salud, y diagn\u00f3sticos tempranos.<\/p>\n\n\n\n<p>Admiti\u00f3 que no siempre las ni\u00f1as y los ni\u00f1os con autismo son atendidos debidamente en escuelas p\u00fablicas, debido a la falta de capacitaci\u00f3n.<\/p>\n\n\n\n<p>\u201cNo siempre, no siempre hay situaciones de \u00e9xito. Muchas veces es exponerlos a demasiados retos que lejos de ayudarles s\u00ed, s\u00ed estresan a la familia y les estresan a ellos. Algunos les puedo decir que s\u00ed, por el compromiso de los maestros, por el compromiso de los equipos de apoyo para tener una educaci\u00f3n especial, pero no siempre\u201d, a\u00f1adi\u00f3.<\/p>\n\n\n\n<p>Mart\u00ednez Conde se\u00f1al\u00f3 que sigue habiendo discriminaci\u00f3n hacia las personas con autismo, por lo que es importante estar atentos a las se\u00f1ales y buscar ayuda especializada.<\/p>\n\n\n\n<p>Tambi\u00e9n destac\u00f3 la importancia de que la gente se sume para lograr una sociedad m\u00e1s inclusiva y respetuosa hacia las personas con autismo.<\/p>\n\n\n\n<figure class=\"wp-block-image size-large\"><img loading=\"lazy\" decoding=\"async\" width=\"1024\" height=\"682\" src=\"https:\/\/encuentroinformativo.com.mx\/wp-content\/uploads\/2024\/04\/850de964-bb26-4c7c-9849-49797380e51f-1024x682.jpg\" alt=\"\" class=\"wp-image-52934\" srcset=\"https:\/\/encuentroinformativo.com.mx\/wp-content\/uploads\/2024\/04\/850de964-bb26-4c7c-9849-49797380e51f-1024x682.jpg 1024w, https:\/\/encuentroinformativo.com.mx\/wp-content\/uploads\/2024\/04\/850de964-bb26-4c7c-9849-49797380e51f-300x200.jpg 300w, https:\/\/encuentroinformativo.com.mx\/wp-content\/uploads\/2024\/04\/850de964-bb26-4c7c-9849-49797380e51f-768x512.jpg 768w, https:\/\/encuentroinformativo.com.mx\/wp-content\/uploads\/2024\/04\/850de964-bb26-4c7c-9849-49797380e51f.jpg 1280w\" sizes=\"auto, (max-width: 1024px) 100vw, 1024px\" \/><\/figure>\n","protected":false},"excerpt":{"rendered":"<p>Juan Arcos Xalapa, Ver.- Cientos de personas participaron en la tercera edici\u00f3n de la Caminata por el Autismo en la ciudad de Xalapa, donde repudiaron que las instituciones p\u00fablicas y privadas se han \u201cquedado cortas\u201d en la atenci\u00f3n a quienes tienen esta condici\u00f3n. La gente se concentr\u00f3 afuera del Teatro del Estado \u201cGeneral Ignacio de [&hellip;]<\/p>\n","protected":false},"author":2476,"featured_media":52933,"comment_status":"open","ping_status":"open","sticky":false,"template":"","format":"standard","meta":{"_jetpack_memberships_contains_paid_content":false,"footnotes":""},"categories":[3],"tags":[],"class_list":["post-52932","post","type-post","status-publish","format-standard","has-post-thumbnail","hentry","category-xalapa"],"jetpack_featured_media_url":"https:\/\/encuentroinformativo.com.mx\/wp-content\/uploads\/2024\/04\/e7bce3be-446b-46e7-895d-eb552f4f1b99.jpg","jetpack_sharing_enabled":true,"jetpack_likes_enabled":true,"amp_enabled":true,"_links":{"self":[{"href":"https:\/\/encuentroinformativo.com.mx\/index.php?rest_route=\/wp\/v2\/posts\/52932","targetHints":{"allow":["GET"]}}],"collection":[{"href":"https:\/\/encuentroinformativo.com.mx\/index.php?rest_route=\/wp\/v2\/posts"}],"about":[{"href":"https:\/\/encuentroinformativo.com.mx\/index.php?rest_route=\/wp\/v2\/types\/post"}],"author":[{"embeddable":true,"href":"https:\/\/encuentroinformativo.com.mx\/index.php?rest_route=\/wp\/v2\/users\/2476"}],"replies":[{"embeddable":true,"href":"https:\/\/encuentroinformativo.com.mx\/index.php?rest_route=%2Fwp%2Fv2%2Fcomments&post=52932"}],"version-history":[{"count":1,"href":"https:\/\/encuentroinformativo.com.mx\/index.php?rest_route=\/wp\/v2\/posts\/52932\/revisions"}],"predecessor-version":[{"id":52935,"href":"https:\/\/encuentroinformativo.com.mx\/index.php?rest_route=\/wp\/v2\/posts\/52932\/revisions\/52935"}],"wp:featuredmedia":[{"embeddable":true,"href":"https:\/\/encuentroinformativo.com.mx\/index.php?rest_route=\/wp\/v2\/media\/52933"}],"wp:attachment":[{"href":"https:\/\/encuentroinformativo.com.mx\/index.php?rest_route=%2Fwp%2Fv2%2Fmedia&parent=52932"}],"wp:term":[{"taxonomy":"category","embeddable":true,"href":"https:\/\/encuentroinformativo.com.mx\/index.php?rest_route=%2Fwp%2Fv2%2Fcategories&post=52932"},{"taxonomy":"post_tag","embeddable":true,"href":"https:\/\/encuentroinformativo.com.mx\/index.php?rest_route=%2Fwp%2Fv2%2Ftags&post=52932"}],"curies":[{"name":"wp","href":"https:\/\/api.w.org\/{rel}","templated":true}]}}