{"id":52966,"date":"2024-04-08T13:15:33","date_gmt":"2024-04-08T19:15:33","guid":{"rendered":"https:\/\/encuentroinformativo.com.mx\/?p=52966"},"modified":"2024-04-08T13:15:39","modified_gmt":"2024-04-08T19:15:39","slug":"candidata-de-morena-no-ha-sido-victima-de-violencia-abogados","status":"publish","type":"post","link":"https:\/\/encuentroinformativo.com.mx\/?p=52966","title":{"rendered":"Candidata de Morena no ha sido v\u00edctima de violencia: Abogados"},"content":{"rendered":"\n<p><strong>Dar\u00edo Pale <\/strong><\/p>\n\n\n\n<p>Xalapa, Ver.- Consideran que la candidata a la gubernatura por Morena, Roc\u00edo Nahle no ha sufrido violencia de g\u00e9nero como lo ha afirmado por los se\u00f1alamientos del empresario Arturo Castagn\u00e9 sobre sus propiedades, toda vez que este no ha utilizado calificativos humillantes, violentos o discriminatorios contra ella, as\u00ed lo dio a conocer el abogado, Rafael Hern\u00e1ndez Mat\u00edas.<\/p>\n\n\n\n<p>En conferencia de prensa, inform\u00f3 que la violencia de g\u00e9nero acontece y se consuma una vez que esta viene acompa\u00f1ada de tales calificativos que provocan un menoscabo en la salud emocional, sin embargo en el caso de la candidata, se realiz\u00f3 una exposici\u00f3n de hechos de discrepancias patrimoniales, mismos que no constituyen violencia de g\u00e9nero.<\/p>\n\n\n\n<p>\u201cLa exposici\u00f3n que hizo el empresario del patrimonio de la ciudadana no fue acompa\u00f1ado de estos elementos por lo tanto no hay violencia. Asumir como v\u00e1lido el argumento de que por ser mujer no pueden se\u00f1alarte diferencias patrimoniales ser\u00eda tanto como creer que ninguna mujer puede ser increpada de que su patrimonio no corresponde a sus ingresos y ninguna podr\u00eda ser reconvenida en ninguna instancia legal, es decir todas las mujeres gozar\u00edan de inmunidad legal para no ser reconvenidas en una instancia legal del fuero civil o en materia penal\u201d, se\u00f1al\u00f3.<\/p>\n\n\n\n<p>Asimismo, precis\u00f3 que los documentos expuestos por el empresario son p\u00fablicos y recomend\u00f3 a la candidata a acudir a la instancia electoral para pedir la medida cautelar y se establezca que realmente ha sido violentada.<\/p>\n\n\n\n<p>Por su parte, el secretario General del Frente Nacional Jur\u00eddico en Defensa de la Constituci\u00f3n, Rafael Mar\u00edn, hizo un llamado a las autoridades para que se defiendan los derechos de las mujeres pero con elementos jur\u00eddicos, pues no se debe confundir a la sociedad.<\/p>\n\n\n\n<p>En este sentido, record\u00f3 que a la fecha hay 23 asesinatos de candidatos de los cuales \u00a011 son mujeres, por lo que desde la Presidencia hasta los municipios se tiene que garantizar que la violencia de g\u00e9nero no impacte m\u00e1s en mujeres candidatas.<\/p>\n","protected":false},"excerpt":{"rendered":"<p>Dar\u00edo Pale Xalapa, Ver.- Consideran que la candidata a la gubernatura por Morena, Roc\u00edo Nahle no ha sufrido violencia de g\u00e9nero como lo ha afirmado por los se\u00f1alamientos del empresario Arturo Castagn\u00e9 sobre sus propiedades, toda vez que este no ha utilizado calificativos humillantes, violentos o discriminatorios contra ella, as\u00ed lo dio a conocer el [&hellip;]<\/p>\n","protected":false},"author":2476,"featured_media":52967,"comment_status":"open","ping_status":"open","sticky":false,"template":"","format":"standard","meta":{"_jetpack_memberships_contains_paid_content":false,"footnotes":""},"categories":[2],"tags":[],"class_list":["post-52966","post","type-post","status-publish","format-standard","has-post-thumbnail","hentry","category-estado"],"jetpack_featured_media_url":"https:\/\/encuentroinformativo.com.mx\/wp-content\/uploads\/2024\/04\/IMG-20240408-WA0034.jpg","jetpack_sharing_enabled":true,"jetpack_likes_enabled":true,"amp_enabled":true,"_links":{"self":[{"href":"https:\/\/encuentroinformativo.com.mx\/index.php?rest_route=\/wp\/v2\/posts\/52966","targetHints":{"allow":["GET"]}}],"collection":[{"href":"https:\/\/encuentroinformativo.com.mx\/index.php?rest_route=\/wp\/v2\/posts"}],"about":[{"href":"https:\/\/encuentroinformativo.com.mx\/index.php?rest_route=\/wp\/v2\/types\/post"}],"author":[{"embeddable":true,"href":"https:\/\/encuentroinformativo.com.mx\/index.php?rest_route=\/wp\/v2\/users\/2476"}],"replies":[{"embeddable":true,"href":"https:\/\/encuentroinformativo.com.mx\/index.php?rest_route=%2Fwp%2Fv2%2Fcomments&post=52966"}],"version-history":[{"count":1,"href":"https:\/\/encuentroinformativo.com.mx\/index.php?rest_route=\/wp\/v2\/posts\/52966\/revisions"}],"predecessor-version":[{"id":52968,"href":"https:\/\/encuentroinformativo.com.mx\/index.php?rest_route=\/wp\/v2\/posts\/52966\/revisions\/52968"}],"wp:featuredmedia":[{"embeddable":true,"href":"https:\/\/encuentroinformativo.com.mx\/index.php?rest_route=\/wp\/v2\/media\/52967"}],"wp:attachment":[{"href":"https:\/\/encuentroinformativo.com.mx\/index.php?rest_route=%2Fwp%2Fv2%2Fmedia&parent=52966"}],"wp:term":[{"taxonomy":"category","embeddable":true,"href":"https:\/\/encuentroinformativo.com.mx\/index.php?rest_route=%2Fwp%2Fv2%2Fcategories&post=52966"},{"taxonomy":"post_tag","embeddable":true,"href":"https:\/\/encuentroinformativo.com.mx\/index.php?rest_route=%2Fwp%2Fv2%2Ftags&post=52966"}],"curies":[{"name":"wp","href":"https:\/\/api.w.org\/{rel}","templated":true}]}}