{"id":52976,"date":"2024-04-08T14:48:28","date_gmt":"2024-04-08T20:48:28","guid":{"rendered":"https:\/\/encuentroinformativo.com.mx\/?p=52976"},"modified":"2024-04-08T14:48:33","modified_gmt":"2024-04-08T20:48:33","slug":"se-incrementan-solicitudes-de-ingreso-a-uv-de-personas-con-discapacidad","status":"publish","type":"post","link":"https:\/\/encuentroinformativo.com.mx\/?p=52976","title":{"rendered":"Se incrementan solicitudes de ingreso a UV de personas con discapacidad"},"content":{"rendered":"\n<p><strong>Alejandro \u00c1vila<\/strong><\/p>\n\n\n\n<p>Boca del R\u00edo, Ver.- En los \u00faltimos a\u00f1os ha aumentado la solicitud de personas con discapacidad que desean estudiar una carrera en la Universidad Veracruzana (UV), confirm\u00f3 el vicerrector de la regi\u00f3n Veracruz &#8211; Boca del R\u00edo, Rub\u00e9n Edel Navarro.<\/p>\n\n\n\n<p>&#8220;Cada vez hay mayor n\u00famero de solicitudes de estudiantes que presentan alg\u00fan tipo de discapacidad, cognitiva, motriz, a diferencia de otros a\u00f1os, donde quiz\u00e1s los estudiantes no se atrev\u00edan a hacerlo, pues a lo mejor por desconocimiento acerca de las condiciones que tenemos para apoyarlos en ese sentido. Tenemos espacios habilitados, en la regi\u00f3n Veracruz tenemos espacios habilitados para recibirlos y para que ellos sin ninguna dificultad presente en su examen&#8221;, expres\u00f3.<\/p>\n\n\n\n<p>En otro tema, mencion\u00f3 que la Rector\u00eda de la Universidad Veracruzana a trav\u00e9s de la Divisi\u00f3n de Proyectos, se encuentra analizando cuando y en que momento iniciar\u00e1n los trabajos de la construcci\u00f3n de la Facultad de Artes, misma que se har\u00e1 en el ex Penal de Allende en el municipio de Veracruz.<\/p>\n\n\n\n<p>&#8220;Presupuesto hay asignado el proyecto, el propio Rector ha dado la indicaci\u00f3n de que se le d\u00e9 continuidad a eso y Ha asignado recurso propio para arrancar el proyecto. De cu\u00e1nto, no s\u00e9, no tengo el dato exacto pero lo que s\u00ed, es que se est\u00e1 trabajando&#8221;, declar\u00f3.<\/p>\n","protected":false},"excerpt":{"rendered":"<p>Alejandro \u00c1vila Boca del R\u00edo, Ver.- En los \u00faltimos a\u00f1os ha aumentado la solicitud de personas con discapacidad que desean estudiar una carrera en la Universidad Veracruzana (UV), confirm\u00f3 el vicerrector de la regi\u00f3n Veracruz &#8211; Boca del R\u00edo, Rub\u00e9n Edel Navarro. &#8220;Cada vez hay mayor n\u00famero de solicitudes de estudiantes que presentan alg\u00fan tipo [&hellip;]<\/p>\n","protected":false},"author":2476,"featured_media":52977,"comment_status":"open","ping_status":"open","sticky":false,"template":"","format":"standard","meta":{"_jetpack_memberships_contains_paid_content":false,"footnotes":""},"categories":[2],"tags":[],"class_list":["post-52976","post","type-post","status-publish","format-standard","has-post-thumbnail","hentry","category-estado"],"jetpack_featured_media_url":"https:\/\/encuentroinformativo.com.mx\/wp-content\/uploads\/2024\/04\/IMG-20240408-WA00702.jpg","jetpack_sharing_enabled":true,"jetpack_likes_enabled":true,"amp_enabled":true,"_links":{"self":[{"href":"https:\/\/encuentroinformativo.com.mx\/index.php?rest_route=\/wp\/v2\/posts\/52976","targetHints":{"allow":["GET"]}}],"collection":[{"href":"https:\/\/encuentroinformativo.com.mx\/index.php?rest_route=\/wp\/v2\/posts"}],"about":[{"href":"https:\/\/encuentroinformativo.com.mx\/index.php?rest_route=\/wp\/v2\/types\/post"}],"author":[{"embeddable":true,"href":"https:\/\/encuentroinformativo.com.mx\/index.php?rest_route=\/wp\/v2\/users\/2476"}],"replies":[{"embeddable":true,"href":"https:\/\/encuentroinformativo.com.mx\/index.php?rest_route=%2Fwp%2Fv2%2Fcomments&post=52976"}],"version-history":[{"count":1,"href":"https:\/\/encuentroinformativo.com.mx\/index.php?rest_route=\/wp\/v2\/posts\/52976\/revisions"}],"predecessor-version":[{"id":52978,"href":"https:\/\/encuentroinformativo.com.mx\/index.php?rest_route=\/wp\/v2\/posts\/52976\/revisions\/52978"}],"wp:featuredmedia":[{"embeddable":true,"href":"https:\/\/encuentroinformativo.com.mx\/index.php?rest_route=\/wp\/v2\/media\/52977"}],"wp:attachment":[{"href":"https:\/\/encuentroinformativo.com.mx\/index.php?rest_route=%2Fwp%2Fv2%2Fmedia&parent=52976"}],"wp:term":[{"taxonomy":"category","embeddable":true,"href":"https:\/\/encuentroinformativo.com.mx\/index.php?rest_route=%2Fwp%2Fv2%2Fcategories&post=52976"},{"taxonomy":"post_tag","embeddable":true,"href":"https:\/\/encuentroinformativo.com.mx\/index.php?rest_route=%2Fwp%2Fv2%2Ftags&post=52976"}],"curies":[{"name":"wp","href":"https:\/\/api.w.org\/{rel}","templated":true}]}}