{"id":5299,"date":"2020-08-28T15:00:33","date_gmt":"2020-08-28T20:00:33","guid":{"rendered":"https:\/\/encuentroinformativo.com\/?p=5299"},"modified":"2020-08-28T15:00:37","modified_gmt":"2020-08-28T20:00:37","slug":"por-posible-reapertura-realizan-limpieza-en-parque-de-coatepec","status":"publish","type":"post","link":"https:\/\/encuentroinformativo.com.mx\/?p=5299","title":{"rendered":"Por posible reapertura, realizan limpieza en parque de Coatepec"},"content":{"rendered":"\n<p><strong>Juan Arcos <\/strong><\/p>\n\n\n\n<p>Coatepec, Ver.- Comerciantes, ciudadanos, bomberos y personal municipal llevaron a cabo trabajos de limpieza en el parque Miguel Hidalgo de Coatepec, para su posible reapertura el pr\u00f3ximo primero de septiembre.<\/p>\n\n\n\n<p>Los vendedores de dicho lugar recordaron que el parque hab\u00eda permanecido cerrado desde el pasado 30 de marzo por la pandemia del SARS-COV-2 (COVID-19) y, por ello, requer\u00eda mantenimiento.<\/p>\n\n\n\n<p>De acuerdo con Israel Tlaxcalteco Vega, representante de los comeriantes del parque, adheridos a la Confederaci\u00f3n Revolucionaria de Obreros y Campesinos (CROC), existe un acuerdo entre los vendedores y el presidente municipal Luis Enrique Fern\u00e1ndez Peredo, para reabrir el parque el pr\u00f3ximo martes.<\/p>\n\n\n\n<p>\u201cParece que ya est\u00e1 ese arreglo de trabajar ya el d\u00eda primero, claro, con las medidas sanitarias que la Secretar\u00eda de Salud est\u00e1 pidiendo\u201d.<\/p>\n\n\n\n<p>El parque, mismo que se encuentra en pleno coraz\u00f3n del Pueblo M\u00e1gico, no ser\u00eda abierto en su totalidad.<\/p>\n\n\n\n<p>Adem\u00e1s, los ciudadanos y los visitantes s\u00f3lo podr\u00e1n acudir para comprar sus alimentos y tendr\u00e1n que retirarse, con el prop\u00f3sito de evitar aglomeraciones.<\/p>\n\n\n\n<p>Los comerciantes deber\u00e1n desinfectar sus espacios de manera constante para evitar la propagaci\u00f3n de la enfermedad en el municipio, mismo que se encuentra a diez kil\u00f3metros de Xalapa.<\/p>\n\n\n\n<p><\/p>\n","protected":false},"excerpt":{"rendered":"<p>Juan Arcos Coatepec, Ver.- Comerciantes, ciudadanos, bomberos y personal municipal llevaron a cabo trabajos de limpieza en el parque Miguel Hidalgo de Coatepec, para su posible reapertura el pr\u00f3ximo primero de septiembre. Los vendedores de dicho lugar recordaron que el parque hab\u00eda permanecido cerrado desde el pasado 30 de marzo por la pandemia del SARS-COV-2 [&hellip;]<\/p>\n","protected":false},"author":1,"featured_media":5300,"comment_status":"open","ping_status":"open","sticky":false,"template":"","format":"standard","meta":{"_jetpack_memberships_contains_paid_content":false,"footnotes":""},"categories":[8],"tags":[],"class_list":["post-5299","post","type-post","status-publish","format-standard","has-post-thumbnail","hentry","category-region"],"jetpack_featured_media_url":"https:\/\/encuentroinformativo.com.mx\/wp-content\/uploads\/2020\/08\/D2C720FE-990A-46DE-B0FD-A744780EDFBC.jpeg","jetpack_sharing_enabled":true,"jetpack_likes_enabled":true,"amp_enabled":true,"_links":{"self":[{"href":"https:\/\/encuentroinformativo.com.mx\/index.php?rest_route=\/wp\/v2\/posts\/5299","targetHints":{"allow":["GET"]}}],"collection":[{"href":"https:\/\/encuentroinformativo.com.mx\/index.php?rest_route=\/wp\/v2\/posts"}],"about":[{"href":"https:\/\/encuentroinformativo.com.mx\/index.php?rest_route=\/wp\/v2\/types\/post"}],"author":[{"embeddable":true,"href":"https:\/\/encuentroinformativo.com.mx\/index.php?rest_route=\/wp\/v2\/users\/1"}],"replies":[{"embeddable":true,"href":"https:\/\/encuentroinformativo.com.mx\/index.php?rest_route=%2Fwp%2Fv2%2Fcomments&post=5299"}],"version-history":[{"count":1,"href":"https:\/\/encuentroinformativo.com.mx\/index.php?rest_route=\/wp\/v2\/posts\/5299\/revisions"}],"predecessor-version":[{"id":5301,"href":"https:\/\/encuentroinformativo.com.mx\/index.php?rest_route=\/wp\/v2\/posts\/5299\/revisions\/5301"}],"wp:featuredmedia":[{"embeddable":true,"href":"https:\/\/encuentroinformativo.com.mx\/index.php?rest_route=\/wp\/v2\/media\/5300"}],"wp:attachment":[{"href":"https:\/\/encuentroinformativo.com.mx\/index.php?rest_route=%2Fwp%2Fv2%2Fmedia&parent=5299"}],"wp:term":[{"taxonomy":"category","embeddable":true,"href":"https:\/\/encuentroinformativo.com.mx\/index.php?rest_route=%2Fwp%2Fv2%2Fcategories&post=5299"},{"taxonomy":"post_tag","embeddable":true,"href":"https:\/\/encuentroinformativo.com.mx\/index.php?rest_route=%2Fwp%2Fv2%2Ftags&post=5299"}],"curies":[{"name":"wp","href":"https:\/\/api.w.org\/{rel}","templated":true}]}}