{"id":53,"date":"2020-02-24T16:53:23","date_gmt":"2020-02-24T22:53:23","guid":{"rendered":"https:\/\/encuentroinformativodotcomdotmx.wordpress.com\/2020\/02\/24\/por-golpeador-destituyen-a-titular-del-c4\/"},"modified":"2020-02-24T16:53:23","modified_gmt":"2020-02-24T22:53:23","slug":"por-golpeador-destituyen-a-titular-del-c4","status":"publish","type":"post","link":"https:\/\/encuentroinformativo.com.mx\/?p=53","title":{"rendered":"Por golpeador, destituyen a titular del C4"},"content":{"rendered":"<div dir=\"auto\" style=\"color:rgb(49,49,49);font-family:-apple-system, HelveticaNeue;font-style:normal;font-variant-caps:normal;font-weight:normal;letter-spacing:normal;orphans:auto;text-align:start;text-indent:0;text-transform:none;white-space:normal;widows:auto;word-spacing:1px;-webkit-text-size-adjust:auto;text-decoration:none;font-size:1rem;\"><strong>Dar\u00edo Pale <\/strong><\/div>\n<div dir=\"auto\" style=\"color:rgb(49,49,49);font-family:-apple-system, HelveticaNeue;font-style:normal;font-variant-caps:normal;font-weight:normal;letter-spacing:normal;orphans:auto;text-align:start;text-indent:0;text-transform:none;white-space:normal;widows:auto;word-spacing:1px;-webkit-text-size-adjust:auto;text-decoration:none;font-size:1rem;\"><img loading=\"lazy\" decoding=\"async\" src=\"https:\/\/encuentroinformativo.com.mx\/wp-content\/uploads\/2020\/02\/img_7316-1.jpg\" class=\"size-full wp-image-52\" width=\"750\" height=\"409\" srcset=\"https:\/\/encuentroinformativo.com.mx\/wp-content\/uploads\/2020\/02\/img_7316-1.jpg 750w, https:\/\/encuentroinformativo.com.mx\/wp-content\/uploads\/2020\/02\/img_7316-1-300x164.jpg 300w\" sizes=\"auto, (max-width: 750px) 100vw, 750px\" \/><\/div>\n<div dir=\"auto\" style=\"color:rgb(49,49,49);font-family:-apple-system, HelveticaNeue;font-style:normal;font-variant-caps:normal;font-weight:normal;letter-spacing:normal;orphans:auto;text-align:start;text-indent:0;text-transform:none;white-space:normal;widows:auto;word-spacing:1px;-webkit-text-size-adjust:auto;text-decoration:none;font-size:1rem;\">Xalapa, Ver.- El secretario de Seguridad P\u00fablica, Hugo Guti\u00e9rrez Maldonado, confirm\u00f3 la salida del Centro Estatal de Comando, Comunicaciones y C\u00f3mputo (C4) en Veracruz, Felipe Daniel Castro Gir\u00f3n esto despu\u00e9s de haber agredido a su pareja sentimental.<\/div>\n<div dir=\"auto\" style=\"color:rgb(49,49,49);font-family:-apple-system, HelveticaNeue;font-size:16px;font-style:normal;font-variant-caps:normal;font-weight:normal;letter-spacing:normal;orphans:auto;text-align:start;text-indent:0;text-transform:none;white-space:normal;widows:auto;word-spacing:1px;-webkit-text-size-adjust:auto;text-decoration:none;\">\nEntrevistado posterior a la celebraci\u00f3n del d\u00eda de la Bandera en el parque Ju\u00e1rez, dio a conocer que, &#8220;nos reportaron un problema familiar donde hubo agresiones a su esposa&#8221; dijo en entrevista este lunes tras concluir la ceremonia con motivo del D\u00eda de la Bandera que se llev\u00f3 a cabo en el parque Ju\u00e1rez de Xalapa.<\/div>\n<div dir=\"auto\" style=\"color:rgb(49,49,49);font-family:-apple-system, HelveticaNeue;font-size:16px;font-style:normal;font-variant-caps:normal;font-weight:normal;letter-spacing:normal;orphans:auto;text-align:start;text-indent:0;text-transform:none;white-space:normal;widows:auto;word-spacing:1px;-webkit-text-size-adjust:auto;text-decoration:none;\">\nComo encargado de dicha \u00e1rea qued\u00f3 Valent\u00edn Rosas qui\u00e9n es elemento de la Secretar\u00eda de Marina, precis\u00f3 el funcionario estatal.<\/div>\n<div dir=\"auto\" style=\"color:rgb(49,49,49);font-family:-apple-system, HelveticaNeue;font-size:16px;font-style:normal;font-variant-caps:normal;font-weight:normal;letter-spacing:normal;orphans:auto;text-align:start;text-indent:0;text-transform:none;white-space:normal;widows:auto;word-spacing:1px;-webkit-text-size-adjust:auto;text-decoration:none;\">\nPor \u00faltimo en lo que se refiere al caso de los reporteros de la zona sur solo se limit\u00f3 a decir que esta semana los van a ver para saludarlos y van a desayunar con ellos.<\/div>\n","protected":false},"excerpt":{"rendered":"<p>Dar\u00edo Pale Xalapa, Ver.- El secretario de Seguridad P\u00fablica, Hugo Guti\u00e9rrez Maldonado, confirm\u00f3 la salida del Centro Estatal de Comando, Comunicaciones y C\u00f3mputo (C4) en Veracruz, Felipe Daniel Castro Gir\u00f3n esto despu\u00e9s de haber agredido a su pareja sentimental. Entrevistado posterior a la celebraci\u00f3n del d\u00eda de la Bandera en el parque Ju\u00e1rez, dio a [&hellip;]<\/p>\n","protected":false},"author":1,"featured_media":51,"comment_status":"open","ping_status":"open","sticky":false,"template":"","format":"standard","meta":{"_jetpack_memberships_contains_paid_content":false,"footnotes":""},"categories":[3],"tags":[],"class_list":["post-53","post","type-post","status-publish","format-standard","has-post-thumbnail","hentry","category-xalapa"],"jetpack_featured_media_url":"https:\/\/encuentroinformativo.com.mx\/wp-content\/uploads\/2020\/02\/img_7316.jpg","jetpack_sharing_enabled":true,"jetpack_likes_enabled":true,"amp_enabled":true,"_links":{"self":[{"href":"https:\/\/encuentroinformativo.com.mx\/index.php?rest_route=\/wp\/v2\/posts\/53","targetHints":{"allow":["GET"]}}],"collection":[{"href":"https:\/\/encuentroinformativo.com.mx\/index.php?rest_route=\/wp\/v2\/posts"}],"about":[{"href":"https:\/\/encuentroinformativo.com.mx\/index.php?rest_route=\/wp\/v2\/types\/post"}],"author":[{"embeddable":true,"href":"https:\/\/encuentroinformativo.com.mx\/index.php?rest_route=\/wp\/v2\/users\/1"}],"replies":[{"embeddable":true,"href":"https:\/\/encuentroinformativo.com.mx\/index.php?rest_route=%2Fwp%2Fv2%2Fcomments&post=53"}],"version-history":[{"count":0,"href":"https:\/\/encuentroinformativo.com.mx\/index.php?rest_route=\/wp\/v2\/posts\/53\/revisions"}],"wp:featuredmedia":[{"embeddable":true,"href":"https:\/\/encuentroinformativo.com.mx\/index.php?rest_route=\/wp\/v2\/media\/51"}],"wp:attachment":[{"href":"https:\/\/encuentroinformativo.com.mx\/index.php?rest_route=%2Fwp%2Fv2%2Fmedia&parent=53"}],"wp:term":[{"taxonomy":"category","embeddable":true,"href":"https:\/\/encuentroinformativo.com.mx\/index.php?rest_route=%2Fwp%2Fv2%2Fcategories&post=53"},{"taxonomy":"post_tag","embeddable":true,"href":"https:\/\/encuentroinformativo.com.mx\/index.php?rest_route=%2Fwp%2Fv2%2Ftags&post=53"}],"curies":[{"name":"wp","href":"https:\/\/api.w.org\/{rel}","templated":true}]}}