{"id":53003,"date":"2024-04-09T12:26:39","date_gmt":"2024-04-09T18:26:39","guid":{"rendered":"https:\/\/encuentroinformativo.com.mx\/?p=53003"},"modified":"2024-04-09T12:26:45","modified_gmt":"2024-04-09T18:26:45","slug":"rechazan-organizaciones-de-la-sociedad-civil-presunta-violencia-politica-contra-nahle","status":"publish","type":"post","link":"https:\/\/encuentroinformativo.com.mx\/?p=53003","title":{"rendered":"Rechazan organizaciones de la sociedad civil presunta violencia pol\u00edtica contra Nahle"},"content":{"rendered":"\n<p><strong>Dar\u00edo Pale <\/strong><\/p>\n\n\n\n<p>Xalapa, Ver.- Improcedente, la denuncia de Nahle por violencia pol\u00edtica de g\u00e9nero, as\u00ed o dieron a conocer miembros de la sociedad civil organizada y agrupaciones inmersas en el estudio de la violencia contra las mujeres.<\/p>\n\n\n\n<p>Las denuncias presentadas en contra de la candidata a la gubernatura de Veracruz, por Morena, Roc\u00edo Nahle Garc\u00eda, por delitos como enriquecimiento il\u00edcito, no representan violencia pol\u00edtica en raz\u00f3n de g\u00e9nero.<\/p>\n\n\n\n<p>&#8220;Carecen de la fundamentaci\u00f3n exigida por la Ley para que pueda ser considerada como v\u00edctima de violencia pol\u00edtica cometida en su contra en raz\u00f3n de g\u00e9nero, de parte de ning\u00fan organismo pol\u00edtico o candidato&#8221;, expres\u00f3 un grupo de abogados expertos en derecho penal y constitucional.<\/p>\n\n\n\n<p>De manera que la queja interpuesta por la candidata en diversos medios de comunicaci\u00f3n; no es clara y contundente para decir que est\u00e1 siendo v\u00edctima por el hecho de ser mujer.<\/p>\n\n\n\n<p>&#8220;La circunstancia de haber sido denunciada formalmente ante las fiscal\u00edas especializadas para que se le investigue por la posible comisi\u00f3n de delitos por su actuaci\u00f3n como servidora p\u00fablica federal, mientras se desempe\u00f1\u00f3 como secretaria de Energ\u00eda; no le representa ninguna violencia&#8221;, expuso la abogada Sara Mar\u00eda Casta\u00f1eda Medina.<\/p>\n\n\n\n<p>Defini\u00f3 que la Ley General de Acceso de las Mujeres a una Vida Libre de Violencia, define que los argumentos de Nahle no son v\u00e1lidos.<\/p>\n\n\n\n<p>Expuso que la violencia pol\u00edtica contra las mujeres en raz\u00f3n de g\u00e9nero es toda acci\u00f3n u omisi\u00f3n, incluida la tolerancia, basada en elementos de g\u00e9nero y ejercida en la esfera p\u00fablica o privada, que tenga por objeto o resultado limitar o menoscabar el ejercicio efectivo de los derechos pol\u00edtico-electorales de una o varias mujeres.<\/p>\n\n\n\n<p>El acceso al libre ejercicio de las atribuciones inherentes a su cargo, labor o actividad, el libre desarrollo de la funci\u00f3n p\u00fablica, la toma de decisiones, de libertad de organizaci\u00f3n, as\u00ed como el acceso y el ejercicio a las prerrogativas, trat\u00e1ndose de precandidaturas, candidaturas, funciones o cargos p\u00fablicos del mismo tipo.<\/p>\n\n\n\n<p>Se entender\u00e1 que las acciones u omisiones que se basan en roles de g\u00e9nero, cuando se dirijan a una mujer por su condici\u00f3n de mujer y \u00e9stas le afecten desproporcionadamente o tengan un efecto diferenciado en ella.\u00a0<\/p>\n\n\n\n<p>Asimismo, la abogada acad\u00e9mica de la Universidad Veracruzana, Rosa Hilda Rojas, resalt\u00f3 que de las 22 fracciones que componen el art\u00edculo 20 Ter de la Ley de Acceso de las Mujeres a una Vida Libre de Violencia y las 14 que integran el art\u00edculo 20 Bis de la Ley General en Materia de Delitos Electorales; no se advierte alguna conducta contra las mujeres en raz\u00f3n de g\u00e9nero como se pretende hacer creer a los ciudadanos por parte de la candidata Roc\u00edo Nahle.<\/p>\n\n\n\n<p>A\u00f1adi\u00f3 que denunciar un hecho probablemente constitutivo de un delito, de toda persona, de conformidad con el art\u00edculo 222 del C\u00f3digo Nacional de Procedimientos Penales; no es violencia pol\u00edtica en raz\u00f3n de g\u00e9nero y corresponde al INE, del OPLE o a la Fiscal\u00eda Especializada en Materia de Delitos Electorales; determinar si se est\u00e1 o no en presencia de un hecho que Ley se\u00f1ala como delito.<\/p>\n\n\n\n<figure class=\"wp-block-image size-large\"><img loading=\"lazy\" decoding=\"async\" width=\"1024\" height=\"578\" src=\"https:\/\/encuentroinformativo.com.mx\/wp-content\/uploads\/2024\/04\/IMG-20240409-WA0017-1024x578.jpg\" alt=\"\" class=\"wp-image-53005\" srcset=\"https:\/\/encuentroinformativo.com.mx\/wp-content\/uploads\/2024\/04\/IMG-20240409-WA0017-1024x578.jpg 1024w, https:\/\/encuentroinformativo.com.mx\/wp-content\/uploads\/2024\/04\/IMG-20240409-WA0017-300x169.jpg 300w, https:\/\/encuentroinformativo.com.mx\/wp-content\/uploads\/2024\/04\/IMG-20240409-WA0017-768x433.jpg 768w, https:\/\/encuentroinformativo.com.mx\/wp-content\/uploads\/2024\/04\/IMG-20240409-WA0017.jpg 1156w\" sizes=\"auto, (max-width: 1024px) 100vw, 1024px\" \/><\/figure>\n","protected":false},"excerpt":{"rendered":"<p>Dar\u00edo Pale Xalapa, Ver.- Improcedente, la denuncia de Nahle por violencia pol\u00edtica de g\u00e9nero, as\u00ed o dieron a conocer miembros de la sociedad civil organizada y agrupaciones inmersas en el estudio de la violencia contra las mujeres. Las denuncias presentadas en contra de la candidata a la gubernatura de Veracruz, por Morena, Roc\u00edo Nahle Garc\u00eda, [&hellip;]<\/p>\n","protected":false},"author":2476,"featured_media":53004,"comment_status":"open","ping_status":"open","sticky":false,"template":"","format":"standard","meta":{"_jetpack_memberships_contains_paid_content":false,"footnotes":""},"categories":[2],"tags":[],"class_list":["post-53003","post","type-post","status-publish","format-standard","has-post-thumbnail","hentry","category-estado"],"jetpack_featured_media_url":"https:\/\/encuentroinformativo.com.mx\/wp-content\/uploads\/2024\/04\/IMG-20240409-WA0016.jpg","jetpack_sharing_enabled":true,"jetpack_likes_enabled":true,"amp_enabled":true,"_links":{"self":[{"href":"https:\/\/encuentroinformativo.com.mx\/index.php?rest_route=\/wp\/v2\/posts\/53003","targetHints":{"allow":["GET"]}}],"collection":[{"href":"https:\/\/encuentroinformativo.com.mx\/index.php?rest_route=\/wp\/v2\/posts"}],"about":[{"href":"https:\/\/encuentroinformativo.com.mx\/index.php?rest_route=\/wp\/v2\/types\/post"}],"author":[{"embeddable":true,"href":"https:\/\/encuentroinformativo.com.mx\/index.php?rest_route=\/wp\/v2\/users\/2476"}],"replies":[{"embeddable":true,"href":"https:\/\/encuentroinformativo.com.mx\/index.php?rest_route=%2Fwp%2Fv2%2Fcomments&post=53003"}],"version-history":[{"count":1,"href":"https:\/\/encuentroinformativo.com.mx\/index.php?rest_route=\/wp\/v2\/posts\/53003\/revisions"}],"predecessor-version":[{"id":53006,"href":"https:\/\/encuentroinformativo.com.mx\/index.php?rest_route=\/wp\/v2\/posts\/53003\/revisions\/53006"}],"wp:featuredmedia":[{"embeddable":true,"href":"https:\/\/encuentroinformativo.com.mx\/index.php?rest_route=\/wp\/v2\/media\/53004"}],"wp:attachment":[{"href":"https:\/\/encuentroinformativo.com.mx\/index.php?rest_route=%2Fwp%2Fv2%2Fmedia&parent=53003"}],"wp:term":[{"taxonomy":"category","embeddable":true,"href":"https:\/\/encuentroinformativo.com.mx\/index.php?rest_route=%2Fwp%2Fv2%2Fcategories&post=53003"},{"taxonomy":"post_tag","embeddable":true,"href":"https:\/\/encuentroinformativo.com.mx\/index.php?rest_route=%2Fwp%2Fv2%2Ftags&post=53003"}],"curies":[{"name":"wp","href":"https:\/\/api.w.org\/{rel}","templated":true}]}}