{"id":53007,"date":"2024-04-09T12:36:56","date_gmt":"2024-04-09T18:36:56","guid":{"rendered":"https:\/\/encuentroinformativo.com.mx\/?p=53007"},"modified":"2024-04-09T12:37:02","modified_gmt":"2024-04-09T18:37:02","slug":"con-marcha-defienden-presunta-violencia-politica-contra-candidata-de-morena","status":"publish","type":"post","link":"https:\/\/encuentroinformativo.com.mx\/?p=53007","title":{"rendered":"Con marcha, defienden presunta violencia pol\u00edtica contra candidata de Morena"},"content":{"rendered":"\n<p><strong>Juan Arcos <\/strong><\/p>\n\n\n\n<p>Xalapa, Ver.- Cientos de mujeres marcharon en la ciudad de Xalapa para exigir que cese la violencia pol\u00edtica en raz\u00f3n de g\u00e9nero contra la candidata a la gubernatura de Veracruz, Roc\u00edo Nahle Garc\u00eda.<br>En la protesta participaron personas procedentes de distintos municipios como Boca del R\u00edo, Veracruz, Xalapa y hasta de comunidades ind\u00edgenas.<\/p>\n\n\n\n<p>Se concentraron en el primer cuadro de la capital del estado y despu\u00e9s caminaron sobre la calle Juan de la Luz Enr\u00edquez y el viaducto del parque Benito Ju\u00e1rez.<\/p>\n\n\n\n<p>Se incorporaron a las calles Ignacio Zaragoza y Leandro Valle para despu\u00e9s subir Revoluci\u00f3n y concentrarse afuera del Organismo P\u00fablico Local Electoral (OPLE).<\/p>\n\n\n\n<p>Virginia y Dora, procedentes del puerto de Veracruz, indicaron que se sumaron a la movilizaci\u00f3n porque est\u00e1n convencidas de que Veracruz debe ser gobernado por una mujer.<\/p>\n\n\n\n<p>Ellas forman parte de un grupo de maniobristas del puerto jarocho y destacaron la necesidad de tener un buen gobierno en Veracruz y la falta de apoyo a su sindicato.<\/p>\n\n\n\n<p>Tambi\u00e9n consideraron importante que una mujer gobierne en la entidad veracruzana y luchan contra la violencia pol\u00edtica en raz\u00f3n de g\u00e9nero.<\/p>\n\n\n\n<p>Las mujeres presentaron de manera formal una queja en el OPLE por presunta violencia pol\u00edtica en raz\u00f3n de g\u00e9nero contra la candidata de la coalici\u00f3n \u201cSigamos haciendo historia en Veracruz\u201d, Roc\u00edo Nahle Garc\u00eda.<\/p>\n\n\n\n<figure class=\"wp-block-image size-large\"><img loading=\"lazy\" decoding=\"async\" width=\"1024\" height=\"768\" src=\"https:\/\/encuentroinformativo.com.mx\/wp-content\/uploads\/2024\/04\/IMG_3372-1024x768.jpg\" alt=\"\" class=\"wp-image-53009\" srcset=\"https:\/\/encuentroinformativo.com.mx\/wp-content\/uploads\/2024\/04\/IMG_3372-1024x768.jpg 1024w, https:\/\/encuentroinformativo.com.mx\/wp-content\/uploads\/2024\/04\/IMG_3372-300x225.jpg 300w, https:\/\/encuentroinformativo.com.mx\/wp-content\/uploads\/2024\/04\/IMG_3372-768x576.jpg 768w, https:\/\/encuentroinformativo.com.mx\/wp-content\/uploads\/2024\/04\/IMG_3372-1536x1152.jpg 1536w, https:\/\/encuentroinformativo.com.mx\/wp-content\/uploads\/2024\/04\/IMG_3372.jpg 2016w\" sizes=\"auto, (max-width: 1024px) 100vw, 1024px\" \/><\/figure>\n","protected":false},"excerpt":{"rendered":"<p>Juan Arcos Xalapa, Ver.- Cientos de mujeres marcharon en la ciudad de Xalapa para exigir que cese la violencia pol\u00edtica en raz\u00f3n de g\u00e9nero contra la candidata a la gubernatura de Veracruz, Roc\u00edo Nahle Garc\u00eda.En la protesta participaron personas procedentes de distintos municipios como Boca del R\u00edo, Veracruz, Xalapa y hasta de comunidades ind\u00edgenas. Se [&hellip;]<\/p>\n","protected":false},"author":2476,"featured_media":53008,"comment_status":"open","ping_status":"open","sticky":false,"template":"","format":"standard","meta":{"_jetpack_memberships_contains_paid_content":false,"footnotes":""},"categories":[3],"tags":[],"class_list":["post-53007","post","type-post","status-publish","format-standard","has-post-thumbnail","hentry","category-xalapa"],"jetpack_featured_media_url":"https:\/\/encuentroinformativo.com.mx\/wp-content\/uploads\/2024\/04\/IMG_3318.jpg","jetpack_sharing_enabled":true,"jetpack_likes_enabled":true,"amp_enabled":true,"_links":{"self":[{"href":"https:\/\/encuentroinformativo.com.mx\/index.php?rest_route=\/wp\/v2\/posts\/53007","targetHints":{"allow":["GET"]}}],"collection":[{"href":"https:\/\/encuentroinformativo.com.mx\/index.php?rest_route=\/wp\/v2\/posts"}],"about":[{"href":"https:\/\/encuentroinformativo.com.mx\/index.php?rest_route=\/wp\/v2\/types\/post"}],"author":[{"embeddable":true,"href":"https:\/\/encuentroinformativo.com.mx\/index.php?rest_route=\/wp\/v2\/users\/2476"}],"replies":[{"embeddable":true,"href":"https:\/\/encuentroinformativo.com.mx\/index.php?rest_route=%2Fwp%2Fv2%2Fcomments&post=53007"}],"version-history":[{"count":1,"href":"https:\/\/encuentroinformativo.com.mx\/index.php?rest_route=\/wp\/v2\/posts\/53007\/revisions"}],"predecessor-version":[{"id":53010,"href":"https:\/\/encuentroinformativo.com.mx\/index.php?rest_route=\/wp\/v2\/posts\/53007\/revisions\/53010"}],"wp:featuredmedia":[{"embeddable":true,"href":"https:\/\/encuentroinformativo.com.mx\/index.php?rest_route=\/wp\/v2\/media\/53008"}],"wp:attachment":[{"href":"https:\/\/encuentroinformativo.com.mx\/index.php?rest_route=%2Fwp%2Fv2%2Fmedia&parent=53007"}],"wp:term":[{"taxonomy":"category","embeddable":true,"href":"https:\/\/encuentroinformativo.com.mx\/index.php?rest_route=%2Fwp%2Fv2%2Fcategories&post=53007"},{"taxonomy":"post_tag","embeddable":true,"href":"https:\/\/encuentroinformativo.com.mx\/index.php?rest_route=%2Fwp%2Fv2%2Ftags&post=53007"}],"curies":[{"name":"wp","href":"https:\/\/api.w.org\/{rel}","templated":true}]}}